{"id":289906,"date":"2023-03-05T16:10:41","date_gmt":"2023-03-05T13:10:41","guid":{"rendered":"https:\/\/sana.sy\/es\/?p=289906"},"modified":"2023-03-05T19:24:53","modified_gmt":"2023-03-05T16:24:53","slug":"siria-rechaza-visita-del-jefe-de-estado-mayor-de-eeuu-a-su-territorio","status":"publish","type":"post","link":"https:\/\/archive.sana.sy\/es\/?p=289906","title":{"rendered":"Siria rechaza visita del Jefe de Estado Mayor de EEUU a su territorio"},"content":{"rendered":"<blockquote>\n<p style=\"text-align: justify;\"><span style=\"color: #993300;\">Siria exige a la administraci\u00f3n estadounidense que detenga de inmediato sus violaciones sistem\u00e1ticas y continuas del derecho internacional y cese su apoyar a las milicias armadas separatistas.<\/span><\/p>\n<\/blockquote>\n<p style=\"text-align: justify;\"><span style=\"color: #800000;\"><strong>Damasco, 5 mar (SANA)\u00a0<\/strong><\/span> \u00a0 Damasco conden\u00f3 hoy de manera en\u00e9rgica la visita del jefe de Estado Mayor de EE. UU. a una base militar ilegal en el noreste de Siria.<\/p>\n<p style=\"text-align: justify;\">Por medio de un comunicado, la Canciller\u00eda calific\u00f3 dicha visita de una flagrante violaci\u00f3n de su soberan\u00eda e integridad territorial.<\/p>\n<p style=\"text-align: justify;\">Seg\u00fan alegaciones del oficial militar estadounidense, el motivo de esta visita era evaluar la efectividad de la lucha contra el Daesh, sin embargo, la comunidad internacional sabe muy bien que esta organizaci\u00f3n terrorista es creada por la inteligencia estadounidense, denunci\u00f3 la declaraci\u00f3n.<\/p>\n<p style=\"text-align: justify;\">Aclar\u00f3 que las acciones criminales de Daesh no apuntan contra las fuerzas estadounidenses y sus milicias mercenarias y lacayas sino contra los inocentes civiles sirios, y la \u00faltima acci\u00f3n fue masacrar a casi 60 civiles a la vista de los fuerzas estadounidenses invasoras en la regi\u00f3n nororiental.<\/p>\n<p style=\"text-align: justify;\">Denunci\u00f3 el continuo saqueo de las riquezas sirias por parte de las fuerzas estadounidenses, incluido el petr\u00f3leo y el trigo, y mencion\u00f3 el robo de m\u00e1s de 150 camiones cisterna de petr\u00f3leo sirio por parte de estas tropas durante los \u00faltimos 9 d\u00edas.<\/p>\n<p style=\"text-align: justify;\">Seg\u00fan el texto, el apoyo brindado por las fuerzas estadounidenses a las milicias terroristas y separatistas en las \u00e1reas que ocupan es una posici\u00f3n norteamericana declarada y pretende prolongar la guerra terrorista impuesta a Siria.<\/p>\n<p style=\"text-align: justify;\">Por otro lado, el Ministerio indic\u00f3 que no es un secreto para nadie que la catastr\u00f3fica situaci\u00f3n que presencia Siria se debe a las medidas coercitivas unilaterales impuestas por la administraci\u00f3n estadounidense.<\/p>\n<p style=\"text-align: justify;\">Exigi\u00f3 a la administraci\u00f3n estadounidense que detenga de inmediato sus violaciones sistem\u00e1ticas y continuas del derecho internacional y cese su apoyo a las milicias armadas separatistas.<\/p>\n<p style=\"text-align: justify;\">Siria reitera que estas pr\u00e1cticas estadounidenses no la desviar\u00e1n de su enfoque de luchar contra el terrorismo y de su empe\u00f1o por preservar su soberan\u00eda, seguridad y estabilidad.<\/p>\n<p style=\"text-align: justify;\">fm\/ed<\/p>\n","protected":false},"excerpt":{"rendered":"<p>Siria exige a la administraci\u00f3n estadounidense que detenga de inmediato sus violaciones sistem\u00e1ticas y continuas del derecho internacional y cese su apoyar a las milicias armadas separatistas. Damasco, 5 mar (SANA)\u00a0 \u00a0 Damasco conden\u00f3 hoy de manera en\u00e9rgica la visita del jefe de Estado Mayor de EE. UU. a una base militar ilegal en el &hellip;<\/p>\n","protected":false},"author":32,"featured_media":289907,"comment_status":"closed","ping_status":"closed","sticky":false,"template":"","format":"standard","meta":{"footnotes":""},"categories":[477,447,597,476,583],"tags":[],"class_list":["post-289906","post","type-post","status-publish","format-standard","has-post-thumbnail","","category-noticias-edulcorantes","category-local-politica","category-cinta-de-noticias","category-locales","category-slide"],"_links":{"self":[{"href":"https:\/\/archive.sana.sy\/es\/index.php?rest_route=\/wp\/v2\/posts\/289906"}],"collection":[{"href":"https:\/\/archive.sana.sy\/es\/index.php?rest_route=\/wp\/v2\/posts"}],"about":[{"href":"https:\/\/archive.sana.sy\/es\/index.php?rest_route=\/wp\/v2\/types\/post"}],"author":[{"embeddable":true,"href":"https:\/\/archive.sana.sy\/es\/index.php?rest_route=\/wp\/v2\/users\/32"}],"replies":[{"embeddable":true,"href":"https:\/\/archive.sana.sy\/es\/index.php?rest_route=%2Fwp%2Fv2%2Fcomments&post=289906"}],"version-history":[{"count":0,"href":"https:\/\/archive.sana.sy\/es\/index.php?rest_route=\/wp\/v2\/posts\/289906\/revisions"}],"wp:featuredmedia":[{"embeddable":true,"href":"https:\/\/archive.sana.sy\/es\/index.php?rest_route=\/wp\/v2\/media\/289907"}],"wp:attachment":[{"href":"https:\/\/archive.sana.sy\/es\/index.php?rest_route=%2Fwp%2Fv2%2Fmedia&parent=289906"}],"wp:term":[{"taxonomy":"category","embeddable":true,"href":"https:\/\/archive.sana.sy\/es\/index.php?rest_route=%2Fwp%2Fv2%2Fcategories&post=289906"},{"taxonomy":"post_tag","embeddable":true,"href":"https:\/\/archive.sana.sy\/es\/index.php?rest_route=%2Fwp%2Fv2%2Ftags&post=289906"}],"curies":[{"name":"wp","href":"https:\/\/api.w.org\/{rel}","templated":true}]}}