{"id":289922,"date":"2023-03-05T17:03:37","date_gmt":"2023-03-05T14:03:37","guid":{"rendered":"http:\/\/107.6.182.27\/es\/?p=289922"},"modified":"2023-03-05T20:06:23","modified_gmt":"2023-03-05T17:06:23","slug":"cuatro-civiles-resultan-heridos-por-bombardeo-ucraniano-contra-donetsk","status":"publish","type":"post","link":"https:\/\/archive.sana.sy\/es\/?p=289922","title":{"rendered":"Cuatro civiles resultan heridos por bombardeo ucraniano contra Donetsk"},"content":{"rendered":"<p style=\"text-align: justify;\"><span style=\"color: #800000;\"><strong>Donetsk, 05 mar (SANA) <\/strong><\/span>Cuatro personas resultaron heridas por un bombardeo de las fuerzas del r\u00e9gimen ucraniano contra Donetsk.<\/p>\n<p style=\"text-align: justify;\">La oficina de la Representaci\u00f3n de la Rep\u00fablica Popular de Donetsk anunci\u00f3 que el r\u00e9gimen de Kiev atac\u00f3 Donetsk con alrededor de 40 misiles y proyectiles, y lanz\u00f3 un ataque con un avi\u00f3n no tripulado contra Gorlovsky, dejando cuatro personas heridas.<\/p>\n<p style=\"text-align: justify;\">La v\u00edspera, dos personas murieron como resultado de un similar bombardeo ucraniano en Donetsk.<\/p>\n<p style=\"text-align: justify;\">as\/fm<\/p>\n","protected":false},"excerpt":{"rendered":"<p>Donetsk, 05 mar (SANA) Cuatro personas resultaron heridas por un bombardeo de las fuerzas del r\u00e9gimen ucraniano contra Donetsk. La oficina de la Representaci\u00f3n de la Rep\u00fablica Popular de Donetsk anunci\u00f3 que el r\u00e9gimen de Kiev atac\u00f3 Donetsk con alrededor de 40 misiles y proyectiles, y lanz\u00f3 un ataque con un avi\u00f3n no tripulado contra &hellip;<\/p>\n","protected":false},"author":42,"featured_media":289923,"comment_status":"closed","ping_status":"closed","sticky":false,"template":"","format":"standard","meta":{"footnotes":""},"categories":[597,456,16687,20724],"tags":[21794],"class_list":["post-289922","post","type-post","status-publish","format-standard","has-post-thumbnail","","category-cinta-de-noticias","category-arabe-internacional-politica","category-internacionales","category-minuto-a-minuto","tag-civiles-bombardeo-donetsk"],"_links":{"self":[{"href":"https:\/\/archive.sana.sy\/es\/index.php?rest_route=\/wp\/v2\/posts\/289922"}],"collection":[{"href":"https:\/\/archive.sana.sy\/es\/index.php?rest_route=\/wp\/v2\/posts"}],"about":[{"href":"https:\/\/archive.sana.sy\/es\/index.php?rest_route=\/wp\/v2\/types\/post"}],"author":[{"embeddable":true,"href":"https:\/\/archive.sana.sy\/es\/index.php?rest_route=\/wp\/v2\/users\/42"}],"replies":[{"embeddable":true,"href":"https:\/\/archive.sana.sy\/es\/index.php?rest_route=%2Fwp%2Fv2%2Fcomments&post=289922"}],"version-history":[{"count":0,"href":"https:\/\/archive.sana.sy\/es\/index.php?rest_route=\/wp\/v2\/posts\/289922\/revisions"}],"wp:featuredmedia":[{"embeddable":true,"href":"https:\/\/archive.sana.sy\/es\/index.php?rest_route=\/wp\/v2\/media\/289923"}],"wp:attachment":[{"href":"https:\/\/archive.sana.sy\/es\/index.php?rest_route=%2Fwp%2Fv2%2Fmedia&parent=289922"}],"wp:term":[{"taxonomy":"category","embeddable":true,"href":"https:\/\/archive.sana.sy\/es\/index.php?rest_route=%2Fwp%2Fv2%2Fcategories&post=289922"},{"taxonomy":"post_tag","embeddable":true,"href":"https:\/\/archive.sana.sy\/es\/index.php?rest_route=%2Fwp%2Fv2%2Ftags&post=289922"}],"curies":[{"name":"wp","href":"https:\/\/api.w.org\/{rel}","templated":true}]}}