{"id":289926,"date":"2023-03-05T15:50:23","date_gmt":"2023-03-05T12:50:23","guid":{"rendered":"http:\/\/107.6.182.27\/es\/?p=289926"},"modified":"2023-03-05T18:10:33","modified_gmt":"2023-03-05T15:10:33","slug":"homenaje-a-hugo-chavez-en-la-universidad-de-damasco","status":"publish","type":"post","link":"https:\/\/archive.sana.sy\/es\/?p=289926","title":{"rendered":"Homenaje a Hugo Ch\u00e1vez en la Universidad de Damasco (+fotos)"},"content":{"rendered":"<blockquote>\n<p style=\"text-align: justify;\"><span style=\"color: #993300;\">\u201cCh\u00e1vez es muy querido y apreciado por el pueblo sirio por sus valores y posiciones pol\u00edticas honorables en apoyo a Siria y las causas justas de los pueblos\u201d<\/span><\/p>\n<\/blockquote>\n<p style=\"text-align: justify;\"><span style=\"color: #800000;\"><strong>Damasco, 5 mar (SANA)<\/strong><\/span> La Universidad de Damasco conmemor\u00f3 hoy el d\u00e9cimo aniversario de la partida f\u00edsica del l\u00edder venezolano Hugo Ch\u00e1vez.<\/p>\n<p style=\"text-align: justify;\">Durante un acto en el que se coloc\u00f3 una ofrenda floral en el jard\u00edn universitario que lleva el nombre de este l\u00edder mundial, el encargado de negocios de la Embajada de Venezuela, Hossam El-Aissami, declar\u00f3 a SANA que \u201cla Universidad concedi\u00f3 al l\u00edder Ch\u00e1vez un doctorado honoris causa en relaciones internacionales en reconocimiento a su lucha y sus posiciones firmes\u201d.<\/p>\n<p style=\"text-align: justify;\">El-Aissami se\u00f1al\u00f3 que el presidente Nicol\u00e1s Maduro contin\u00faa el enfoque de Ch\u00e1vez al apoyar las causas justas como la de Palestina, as\u00ed como tiene mucho amor por Siria.<\/p>\n<p style=\"text-align: justify;\">\u201cVenezuela y Siria son similares, ya que Siria enfrenta el imperialismo, el sionismo y los planes que se urdieron en su contra a trav\u00e9s de las sanciones y un injusto bloqueo impuesto a su pueblo\u201d, dijo el diplom\u00e1tico.<\/p>\n<p style=\"text-align: justify;\">Llam\u00f3 a todas las personas dignas en el mundo a trabajar para levantar el injusto cerco impuesto a los pueblos de los dos pa\u00edses.<\/p>\n<p style=\"text-align: justify;\">Por su parte, el Rector de la Universidad de Damasco, Muhammad Osama al-Jabban, destac\u00f3 que Ch\u00e1vez es muy querido y apreciado por el pueblo sirio por sus valores y posiciones pol\u00edticas honorables en apoyo a Siria y las causas justas de los pueblos.<\/p>\n<p style=\"text-align: justify;\">La referida universidad otorg\u00f3 al difunto l\u00edder un doctorado honoris causa en relaciones internacionales en 2006 en reconocimiento a su lucha y sus firmes posturas respecto a las justas causas \u00e1rabes.<\/p>\n<p style=\"text-align: justify;\">El 17 de abril de 2014, la Universidad nombr\u00f3 un jard\u00edn dentro de su campus con el nombre de Hugo Ch\u00e1vez.<\/p>\n<div id='gallery-1' class='gallery galleryid-289926 gallery-columns-1 gallery-size-full'><figure class='gallery-item'>\n\t\t\t<div class='gallery-icon landscape'>\n\t\t\t\t<a href='https:\/\/archive.sana.sy\/es\/wp-content\/uploads\/2023\/03\/1111.jpg'><img loading=\"lazy\" decoding=\"async\" width=\"660\" height=\"439\" src=\"https:\/\/archive.sana.sy\/es\/wp-content\/uploads\/2023\/03\/1111.jpg\" class=\"attachment-full size-full\" alt=\"\" srcset=\"https:\/\/archive.sana.sy\/es\/wp-content\/uploads\/2023\/03\/1111.jpg 660w, https:\/\/archive.sana.sy\/es\/wp-content\/uploads\/2023\/03\/1111-300x200.jpg 300w, https:\/\/archive.sana.sy\/es\/wp-content\/uploads\/2023\/03\/1111-150x100.jpg 150w, https:\/\/archive.sana.sy\/es\/wp-content\/uploads\/2023\/03\/1111-310x205.jpg 310w\" sizes=\"(max-width: 660px) 100vw, 660px\" \/><\/a>\n\t\t\t<\/div><\/figure><figure class='gallery-item'>\n\t\t\t<div class='gallery-icon landscape'>\n\t\t\t\t<a href='https:\/\/archive.sana.sy\/es\/wp-content\/uploads\/2023\/03\/DSC_3133.jpg'><img loading=\"lazy\" decoding=\"async\" width=\"660\" height=\"439\" src=\"https:\/\/archive.sana.sy\/es\/wp-content\/uploads\/2023\/03\/DSC_3133.jpg\" class=\"attachment-full size-full\" alt=\"\" srcset=\"https:\/\/archive.sana.sy\/es\/wp-content\/uploads\/2023\/03\/DSC_3133.jpg 660w, https:\/\/archive.sana.sy\/es\/wp-content\/uploads\/2023\/03\/DSC_3133-300x200.jpg 300w, https:\/\/archive.sana.sy\/es\/wp-content\/uploads\/2023\/03\/DSC_3133-150x100.jpg 150w, https:\/\/archive.sana.sy\/es\/wp-content\/uploads\/2023\/03\/DSC_3133-310x205.jpg 310w\" sizes=\"(max-width: 660px) 100vw, 660px\" \/><\/a>\n\t\t\t<\/div><\/figure><figure class='gallery-item'>\n\t\t\t<div class='gallery-icon landscape'>\n\t\t\t\t<a href='https:\/\/archive.sana.sy\/es\/wp-content\/uploads\/2023\/03\/11112.jpg'><img loading=\"lazy\" decoding=\"async\" width=\"660\" height=\"439\" src=\"https:\/\/archive.sana.sy\/es\/wp-content\/uploads\/2023\/03\/11112.jpg\" class=\"attachment-full size-full\" alt=\"\" srcset=\"https:\/\/archive.sana.sy\/es\/wp-content\/uploads\/2023\/03\/11112.jpg 660w, https:\/\/archive.sana.sy\/es\/wp-content\/uploads\/2023\/03\/11112-300x200.jpg 300w, https:\/\/archive.sana.sy\/es\/wp-content\/uploads\/2023\/03\/11112-150x100.jpg 150w, https:\/\/archive.sana.sy\/es\/wp-content\/uploads\/2023\/03\/11112-310x205.jpg 310w\" sizes=\"(max-width: 660px) 100vw, 660px\" \/><\/a>\n\t\t\t<\/div><\/figure><figure class='gallery-item'>\n\t\t\t<div class='gallery-icon landscape'>\n\t\t\t\t<a href='https:\/\/archive.sana.sy\/es\/wp-content\/uploads\/2023\/03\/11113.jpg'><img loading=\"lazy\" decoding=\"async\" width=\"660\" height=\"439\" src=\"https:\/\/archive.sana.sy\/es\/wp-content\/uploads\/2023\/03\/11113.jpg\" class=\"attachment-full size-full\" alt=\"\" srcset=\"https:\/\/archive.sana.sy\/es\/wp-content\/uploads\/2023\/03\/11113.jpg 660w, https:\/\/archive.sana.sy\/es\/wp-content\/uploads\/2023\/03\/11113-300x200.jpg 300w, https:\/\/archive.sana.sy\/es\/wp-content\/uploads\/2023\/03\/11113-150x100.jpg 150w, https:\/\/archive.sana.sy\/es\/wp-content\/uploads\/2023\/03\/11113-310x205.jpg 310w\" sizes=\"(max-width: 660px) 100vw, 660px\" \/><\/a>\n\t\t\t<\/div><\/figure>\n\t\t<\/div>\n\n<p>&nbsp;<\/p>\n<p>&nbsp;<\/p>\n<p>&nbsp;<\/p>\n<p style=\"text-align: justify;\">fm\/as<\/p>\n","protected":false},"excerpt":{"rendered":"<p>\u201cCh\u00e1vez es muy querido y apreciado por el pueblo sirio por sus valores y posiciones pol\u00edticas honorables en apoyo a Siria y las causas justas de los pueblos\u201d Damasco, 5 mar (SANA) La Universidad de Damasco conmemor\u00f3 hoy el d\u00e9cimo aniversario de la partida f\u00edsica del l\u00edder venezolano Hugo Ch\u00e1vez. Durante un acto en el &hellip;<\/p>\n","protected":false},"author":42,"featured_media":289938,"comment_status":"closed","ping_status":"closed","sticky":false,"template":"","format":"standard","meta":{"footnotes":""},"categories":[597,20724,476,16688,583],"tags":[],"class_list":["post-289926","post","type-post","status-publish","format-standard","has-post-thumbnail","","category-cinta-de-noticias","category-minuto-a-minuto","category-locales","category-nacionales","category-slide"],"_links":{"self":[{"href":"https:\/\/archive.sana.sy\/es\/index.php?rest_route=\/wp\/v2\/posts\/289926"}],"collection":[{"href":"https:\/\/archive.sana.sy\/es\/index.php?rest_route=\/wp\/v2\/posts"}],"about":[{"href":"https:\/\/archive.sana.sy\/es\/index.php?rest_route=\/wp\/v2\/types\/post"}],"author":[{"embeddable":true,"href":"https:\/\/archive.sana.sy\/es\/index.php?rest_route=\/wp\/v2\/users\/42"}],"replies":[{"embeddable":true,"href":"https:\/\/archive.sana.sy\/es\/index.php?rest_route=%2Fwp%2Fv2%2Fcomments&post=289926"}],"version-history":[{"count":0,"href":"https:\/\/archive.sana.sy\/es\/index.php?rest_route=\/wp\/v2\/posts\/289926\/revisions"}],"wp:featuredmedia":[{"embeddable":true,"href":"https:\/\/archive.sana.sy\/es\/index.php?rest_route=\/wp\/v2\/media\/289938"}],"wp:attachment":[{"href":"https:\/\/archive.sana.sy\/es\/index.php?rest_route=%2Fwp%2Fv2%2Fmedia&parent=289926"}],"wp:term":[{"taxonomy":"category","embeddable":true,"href":"https:\/\/archive.sana.sy\/es\/index.php?rest_route=%2Fwp%2Fv2%2Fcategories&post=289926"},{"taxonomy":"post_tag","embeddable":true,"href":"https:\/\/archive.sana.sy\/es\/index.php?rest_route=%2Fwp%2Fv2%2Ftags&post=289926"}],"curies":[{"name":"wp","href":"https:\/\/api.w.org\/{rel}","templated":true}]}}