{"id":289933,"date":"2023-03-05T16:00:22","date_gmt":"2023-03-05T13:00:22","guid":{"rendered":"https:\/\/sana.sy\/es\/?p=289933"},"modified":"2023-03-05T17:45:01","modified_gmt":"2023-03-05T14:45:01","slug":"siria-condena-practicas-agresivas-de-israel-contra-pobladores-del-golan","status":"publish","type":"post","link":"https:\/\/archive.sana.sy\/es\/?p=289933","title":{"rendered":"Siria condena pr\u00e1cticas agresivas de \u201cIsrael\u201d contra pobladores del Gol\u00e1n"},"content":{"rendered":"<p style=\"text-align: justify;\"><span style=\"color: #800000;\"><strong>Damasco, 5 mar (SANA)\u00a0<\/strong><\/span> \u00a0Damasco denunci\u00f3 hoy las continuas pr\u00e1cticas agresivas israel\u00edes contra los ciudadanos en el Gol\u00e1n sirio ocupado y afirm\u00f3 que este territorio ocupado es parte integral de Siria.<\/p>\n<p style=\"text-align: justify;\">Siria se enorgullece de las posturas honorables de sus ciudadanos golaneses que rechazaron los asentamientos israel\u00edes y las pol\u00edticas coloniales destinados a robar tierras y construir turbinas e\u00f3licas, en un paso para imponer la entidad israel\u00ed y desplazar a los golaneses mediante el robo de sus tierras, afirm\u00f3 el Ministerio de Asuntos Exteriores por medio de una declaraci\u00f3n.<\/p>\n<p style=\"text-align: justify;\">Aclar\u00f3 que el proyecto de las turbinas pretende apoderarse de m\u00e1s de 600 hect\u00e1reas de tierras agr\u00edcolas.<\/p>\n<p style=\"text-align: justify;\">Estas pr\u00e1cticas violan el derecho internacional y las resoluciones de las Naciones Unidas, en especial la del Consejo de Seguridad No. 497 del a\u00f1o 1981, aclar\u00f3.<\/p>\n<p style=\"text-align: justify;\">La declaraci\u00f3n agreg\u00f3 que la Rep\u00fablica \u00c1rabe Siria reafirma que el Gol\u00e1n ocupado es una parte integral de su territorio, y est\u00e1 trabajando para devolver cada grano de su tierra por todos los medios disponibles.<\/p>\n<p style=\"text-align: justify;\">fm\/rr<\/p>\n","protected":false},"excerpt":{"rendered":"<p>Damasco, 5 mar (SANA)\u00a0 \u00a0Damasco denunci\u00f3 hoy las continuas pr\u00e1cticas agresivas israel\u00edes contra los ciudadanos en el Gol\u00e1n sirio ocupado y afirm\u00f3 que este territorio ocupado es parte integral de Siria. Siria se enorgullece de las posturas honorables de sus ciudadanos golaneses que rechazaron los asentamientos israel\u00edes y las pol\u00edticas coloniales destinados a robar tierras &hellip;<\/p>\n","protected":false},"author":31,"featured_media":289934,"comment_status":"closed","ping_status":"closed","sticky":false,"template":"","format":"standard","meta":{"footnotes":""},"categories":[597,476,583],"tags":[19691,21795,6553],"class_list":["post-289933","post","type-post","status-publish","format-standard","has-post-thumbnail","","category-cinta-de-noticias","category-locales","category-slide","tag-golan","tag-ocupado","tag-siria"],"_links":{"self":[{"href":"https:\/\/archive.sana.sy\/es\/index.php?rest_route=\/wp\/v2\/posts\/289933"}],"collection":[{"href":"https:\/\/archive.sana.sy\/es\/index.php?rest_route=\/wp\/v2\/posts"}],"about":[{"href":"https:\/\/archive.sana.sy\/es\/index.php?rest_route=\/wp\/v2\/types\/post"}],"author":[{"embeddable":true,"href":"https:\/\/archive.sana.sy\/es\/index.php?rest_route=\/wp\/v2\/users\/31"}],"replies":[{"embeddable":true,"href":"https:\/\/archive.sana.sy\/es\/index.php?rest_route=%2Fwp%2Fv2%2Fcomments&post=289933"}],"version-history":[{"count":0,"href":"https:\/\/archive.sana.sy\/es\/index.php?rest_route=\/wp\/v2\/posts\/289933\/revisions"}],"wp:featuredmedia":[{"embeddable":true,"href":"https:\/\/archive.sana.sy\/es\/index.php?rest_route=\/wp\/v2\/media\/289934"}],"wp:attachment":[{"href":"https:\/\/archive.sana.sy\/es\/index.php?rest_route=%2Fwp%2Fv2%2Fmedia&parent=289933"}],"wp:term":[{"taxonomy":"category","embeddable":true,"href":"https:\/\/archive.sana.sy\/es\/index.php?rest_route=%2Fwp%2Fv2%2Fcategories&post=289933"},{"taxonomy":"post_tag","embeddable":true,"href":"https:\/\/archive.sana.sy\/es\/index.php?rest_route=%2Fwp%2Fv2%2Ftags&post=289933"}],"curies":[{"name":"wp","href":"https:\/\/api.w.org\/{rel}","templated":true}]}}