{"id":289951,"date":"2023-03-05T19:13:12","date_gmt":"2023-03-05T16:13:12","guid":{"rendered":"https:\/\/sana.sy\/es\/?p=289951"},"modified":"2023-03-05T19:13:12","modified_gmt":"2023-03-05T16:13:12","slug":"canciller-sirio-ofrece-condolencias-a-grecia-por-victimas-del-accidente-de-choque-de-trenes","status":"publish","type":"post","link":"https:\/\/archive.sana.sy\/es\/?p=289951","title":{"rendered":"Canciller sirio ofrece condolencias a Grecia por v\u00edctimas del accidente de choque de trenes"},"content":{"rendered":"<p style=\"text-align: justify;\"><span style=\"color: #800000;\"><strong>Damasco, 05 mar (SANA)<\/strong>\u00a0<\/span> \u00a0El ministro de Asuntos Exteriores y Expatriados, Faisal Al-Mekdad, expres\u00f3 en un mensaje a su hom\u00f3logo griego, Nikos Dendias, sus condolencias y solidaridad con las familias de las v\u00edctimas del accidente de trenes.<\/p>\n<p style=\"text-align: justify;\">Al-Mekdad dese\u00f3 una r\u00e1pida recuperaci\u00f3n de los heridos y una paz y estabilidad duraderas para Grecia.<\/p>\n<p style=\"text-align: justify;\">El 2 de marzo, un choque frontal entre un tren de pasajeros y otro de mercanc\u00edas provoc\u00f3 la muerte de 57 muertos.<\/p>\n<p>rr\/fm<\/p>\n","protected":false},"excerpt":{"rendered":"<p>Damasco, 05 mar (SANA)\u00a0 \u00a0El ministro de Asuntos Exteriores y Expatriados, Faisal Al-Mekdad, expres\u00f3 en un mensaje a su hom\u00f3logo griego, Nikos Dendias, sus condolencias y solidaridad con las familias de las v\u00edctimas del accidente de trenes. Al-Mekdad dese\u00f3 una r\u00e1pida recuperaci\u00f3n de los heridos y una paz y estabilidad duraderas para Grecia. El 2 &hellip;<\/p>\n","protected":false},"author":31,"featured_media":289952,"comment_status":"closed","ping_status":"closed","sticky":false,"template":"","format":"standard","meta":{"footnotes":""},"categories":[597,476,7541],"tags":[21799,21797,19795,6553,21798],"class_list":["post-289951","post","type-post","status-publish","format-standard","has-post-thumbnail","","category-cinta-de-noticias","category-locales","category-ultimas-noticias","tag-accidente","tag-choque","tag-grecia","tag-siria","tag-tren"],"_links":{"self":[{"href":"https:\/\/archive.sana.sy\/es\/index.php?rest_route=\/wp\/v2\/posts\/289951"}],"collection":[{"href":"https:\/\/archive.sana.sy\/es\/index.php?rest_route=\/wp\/v2\/posts"}],"about":[{"href":"https:\/\/archive.sana.sy\/es\/index.php?rest_route=\/wp\/v2\/types\/post"}],"author":[{"embeddable":true,"href":"https:\/\/archive.sana.sy\/es\/index.php?rest_route=\/wp\/v2\/users\/31"}],"replies":[{"embeddable":true,"href":"https:\/\/archive.sana.sy\/es\/index.php?rest_route=%2Fwp%2Fv2%2Fcomments&post=289951"}],"version-history":[{"count":0,"href":"https:\/\/archive.sana.sy\/es\/index.php?rest_route=\/wp\/v2\/posts\/289951\/revisions"}],"wp:featuredmedia":[{"embeddable":true,"href":"https:\/\/archive.sana.sy\/es\/index.php?rest_route=\/wp\/v2\/media\/289952"}],"wp:attachment":[{"href":"https:\/\/archive.sana.sy\/es\/index.php?rest_route=%2Fwp%2Fv2%2Fmedia&parent=289951"}],"wp:term":[{"taxonomy":"category","embeddable":true,"href":"https:\/\/archive.sana.sy\/es\/index.php?rest_route=%2Fwp%2Fv2%2Fcategories&post=289951"},{"taxonomy":"post_tag","embeddable":true,"href":"https:\/\/archive.sana.sy\/es\/index.php?rest_route=%2Fwp%2Fv2%2Ftags&post=289951"}],"curies":[{"name":"wp","href":"https:\/\/api.w.org\/{rel}","templated":true}]}}