{"id":289975,"date":"2023-03-06T05:36:02","date_gmt":"2023-03-06T02:36:02","guid":{"rendered":"https:\/\/sana.sy\/es\/?p=289975"},"modified":"2023-03-06T05:36:02","modified_gmt":"2023-03-06T02:36:02","slug":"liverpool-humilla-al-manchester-united-con-escandalosa-goleada-7-0","status":"publish","type":"post","link":"https:\/\/archive.sana.sy\/es\/?p=289975","title":{"rendered":"Liverpool humilla al Manchester United con escandalosa goleada 7-0"},"content":{"rendered":"<p style=\"text-align: justify;\"><span style=\"color: #800000;\"><strong>Londres, 6 mar (SANA)<\/strong><\/span> El equipo Liverpool humill\u00f3 al Manchester United, tras lograr una escandalosa goleada 7-0 en la jornada 26 de la Liga Premier del f\u00fatbol de Inglaterra.<\/p>\n<p style=\"text-align: justify;\">A priori, los expertos vaticinaban un partido muy parejo, sin embargo, los rojos de la ciudad de los Beatles pisaron el acelerador hasta el fondo y lograron la victoria m\u00e1s espectacular de la temporada.<\/p>\n<p style=\"text-align: justify;\">El United qued\u00f3 varado en la tercera posici\u00f3n del torneo, con 49 rayas, 14 menos que el l\u00edder Arsenal, que ayer venci\u00f3 in extremis por 3-2 al colista Bournemouth.<\/p>\n<p style=\"text-align: justify;\">fm<\/p>\n","protected":false},"excerpt":{"rendered":"<p>Londres, 6 mar (SANA) El equipo Liverpool humill\u00f3 al Manchester United, tras lograr una escandalosa goleada 7-0 en la jornada 26 de la Liga Premier del f\u00fatbol de Inglaterra. A priori, los expertos vaticinaban un partido muy parejo, sin embargo, los rojos de la ciudad de los Beatles pisaron el acelerador hasta el fondo y &hellip;<\/p>\n","protected":false},"author":34,"featured_media":289976,"comment_status":"closed","ping_status":"closed","sticky":false,"template":"","format":"standard","meta":{"footnotes":""},"categories":[597,494,456,7541],"tags":[],"class_list":["post-289975","post","type-post","status-publish","format-standard","has-post-thumbnail","","category-cinta-de-noticias","category-deportes","category-arabe-internacional-politica","category-ultimas-noticias"],"_links":{"self":[{"href":"https:\/\/archive.sana.sy\/es\/index.php?rest_route=\/wp\/v2\/posts\/289975"}],"collection":[{"href":"https:\/\/archive.sana.sy\/es\/index.php?rest_route=\/wp\/v2\/posts"}],"about":[{"href":"https:\/\/archive.sana.sy\/es\/index.php?rest_route=\/wp\/v2\/types\/post"}],"author":[{"embeddable":true,"href":"https:\/\/archive.sana.sy\/es\/index.php?rest_route=\/wp\/v2\/users\/34"}],"replies":[{"embeddable":true,"href":"https:\/\/archive.sana.sy\/es\/index.php?rest_route=%2Fwp%2Fv2%2Fcomments&post=289975"}],"version-history":[{"count":0,"href":"https:\/\/archive.sana.sy\/es\/index.php?rest_route=\/wp\/v2\/posts\/289975\/revisions"}],"wp:featuredmedia":[{"embeddable":true,"href":"https:\/\/archive.sana.sy\/es\/index.php?rest_route=\/wp\/v2\/media\/289976"}],"wp:attachment":[{"href":"https:\/\/archive.sana.sy\/es\/index.php?rest_route=%2Fwp%2Fv2%2Fmedia&parent=289975"}],"wp:term":[{"taxonomy":"category","embeddable":true,"href":"https:\/\/archive.sana.sy\/es\/index.php?rest_route=%2Fwp%2Fv2%2Fcategories&post=289975"},{"taxonomy":"post_tag","embeddable":true,"href":"https:\/\/archive.sana.sy\/es\/index.php?rest_route=%2Fwp%2Fv2%2Ftags&post=289975"}],"curies":[{"name":"wp","href":"https:\/\/api.w.org\/{rel}","templated":true}]}}