{"id":289997,"date":"2023-03-06T10:44:10","date_gmt":"2023-03-06T07:44:10","guid":{"rendered":"https:\/\/sana.sy\/es\/?p=289997"},"modified":"2023-03-06T13:39:06","modified_gmt":"2023-03-06T10:39:06","slug":"protesta-en-los-angeles-contra-el-bloqueo-de-eeuu-impuesto-a-siria","status":"publish","type":"post","link":"https:\/\/archive.sana.sy\/es\/?p=289997","title":{"rendered":"Protesta en Los \u00c1ngeles contra el bloqueo de EEUU impuesto a Siria"},"content":{"rendered":"<blockquote>\n<p style=\"text-align: justify;\"><span style=\"color: #993300;\">\u201cExigimos tambi\u00e9n la salida de las fuerzas de ocupaci\u00f3n estadounidenses que est\u00e1n ilegalmente presentes en partes de las tierras sirias, y detener su saqueo a las riquezas de los sirios de petr\u00f3leo y trigo\u201d<\/span><\/p>\n<\/blockquote>\n<p style=\"text-align: justify;\"><span style=\"color: #800000;\"><strong>Los \u00c1ngeles, 6 mar (SANA)<\/strong><\/span> Sirios, \u00e1rabes y activistas estadounidenses pidieron hoy durante una protesta organizada en Los \u00c1ngeles, levantar el bloqueo y todas las medidas coercitivas unilaterales impuestas a Siria.<\/p>\n<p style=\"text-align: justify;\">Fatima Attia, una de las fundadoras del Comit\u00e9 \u00c1rabe para la Defensa de Siria, declar\u00f3 a SANA que \u201cel Comit\u00e9 organiz\u00f3 esta protesta para denunciar el injusto asedio impuesto a Siria por la administraci\u00f3n estadounidense y sus aliados europeos, especialmente despu\u00e9s del devastador terremoto que azot\u00f3 al pa\u00eds el seis de febrero pasado, lo cual dificult\u00f3 la llegada de la ayuda humanitaria&#8221;.<\/p>\n<p style=\"text-align: justify;\">\u201cExigimos tambi\u00e9n la salida de las fuerzas de ocupaci\u00f3n estadounidenses que est\u00e1n ilegalmente presentes en partes de las tierras sirias, y detener su saqueo a las riquezas de los sirios de petr\u00f3leo y trigo\u201d, afirm\u00f3.<\/p>\n<p style=\"text-align: justify;\">Los participantes en el acto izaron banderas sirias y pancartas con frases que piden el levantamiento inmediato del bloqueo y el fin de las medidas coercitivas impuestas a Siria.<\/p>\n<p style=\"text-align: justify;\">fm\/as<\/p>\n","protected":false},"excerpt":{"rendered":"<p>\u201cExigimos tambi\u00e9n la salida de las fuerzas de ocupaci\u00f3n estadounidenses que est\u00e1n ilegalmente presentes en partes de las tierras sirias, y detener su saqueo a las riquezas de los sirios de petr\u00f3leo y trigo\u201d Los \u00c1ngeles, 6 mar (SANA) Sirios, \u00e1rabes y activistas estadounidenses pidieron hoy durante una protesta organizada en Los \u00c1ngeles, levantar el &hellip;<\/p>\n","protected":false},"author":42,"featured_media":290010,"comment_status":"closed","ping_status":"closed","sticky":false,"template":"","format":"standard","meta":{"footnotes":""},"categories":[597,20724,467,583],"tags":[21803],"class_list":["post-289997","post","type-post","status-publish","format-standard","has-post-thumbnail","","category-cinta-de-noticias","category-minuto-a-minuto","category-siria-y-el-mundo","category-slide","tag-protesta-bloqueo-siria"],"_links":{"self":[{"href":"https:\/\/archive.sana.sy\/es\/index.php?rest_route=\/wp\/v2\/posts\/289997"}],"collection":[{"href":"https:\/\/archive.sana.sy\/es\/index.php?rest_route=\/wp\/v2\/posts"}],"about":[{"href":"https:\/\/archive.sana.sy\/es\/index.php?rest_route=\/wp\/v2\/types\/post"}],"author":[{"embeddable":true,"href":"https:\/\/archive.sana.sy\/es\/index.php?rest_route=\/wp\/v2\/users\/42"}],"replies":[{"embeddable":true,"href":"https:\/\/archive.sana.sy\/es\/index.php?rest_route=%2Fwp%2Fv2%2Fcomments&post=289997"}],"version-history":[{"count":0,"href":"https:\/\/archive.sana.sy\/es\/index.php?rest_route=\/wp\/v2\/posts\/289997\/revisions"}],"wp:featuredmedia":[{"embeddable":true,"href":"https:\/\/archive.sana.sy\/es\/index.php?rest_route=\/wp\/v2\/media\/290010"}],"wp:attachment":[{"href":"https:\/\/archive.sana.sy\/es\/index.php?rest_route=%2Fwp%2Fv2%2Fmedia&parent=289997"}],"wp:term":[{"taxonomy":"category","embeddable":true,"href":"https:\/\/archive.sana.sy\/es\/index.php?rest_route=%2Fwp%2Fv2%2Fcategories&post=289997"},{"taxonomy":"post_tag","embeddable":true,"href":"https:\/\/archive.sana.sy\/es\/index.php?rest_route=%2Fwp%2Fv2%2Ftags&post=289997"}],"curies":[{"name":"wp","href":"https:\/\/api.w.org\/{rel}","templated":true}]}}