{"id":290003,"date":"2023-03-06T11:01:37","date_gmt":"2023-03-06T08:01:37","guid":{"rendered":"https:\/\/sana.sy\/es\/?p=290003"},"modified":"2023-03-06T11:07:13","modified_gmt":"2023-03-06T08:07:13","slug":"un-palestino-resulta-herido-por-disparos-heridoal-sur-del-belen","status":"publish","type":"post","link":"https:\/\/archive.sana.sy\/es\/?p=290003","title":{"rendered":"Un palestino resulta herido por disparos israel\u00edes al sur del Bel\u00e9n"},"content":{"rendered":"<p style=\"text-align: justify;\"><span style=\"color: #800000;\"><strong>Jerusal\u00e9n ocupada ,06 mar (SANA)<\/strong><\/span><br \/>\nUn palestino result\u00f3 herido por disparos de las fuerzas de ocupaci\u00f3n israel\u00edes en la ciudad de Tuqua al sureste de Bel\u00e9n, en Cisjordania.<\/p>\n<p style=\"text-align: justify;\">Seg\u00fan inform\u00f3 la agencia palestina de noticias Wafa, los militares israel\u00edes asaltaron la localidad y abrieron el fuego de sus armas en su contra, lo que provoc\u00f3 lesiones a uno de ellos y asfixias a otros.<\/p>\n<p style=\"text-align: justify;\">La v\u00edspera, un ni\u00f1o palestino result\u00f3 herido por represi\u00f3n israel\u00ed en el campo de refugiados de Al-Aroub, al norte de Hebr\u00f3n, en Cisjordania.<\/p>\n<p style=\"text-align: justify;\">as\/fm<\/p>\n","protected":false},"excerpt":{"rendered":"<p>Jerusal\u00e9n ocupada ,06 mar (SANA) Un palestino result\u00f3 herido por disparos de las fuerzas de ocupaci\u00f3n israel\u00edes en la ciudad de Tuqua al sureste de Bel\u00e9n, en Cisjordania. Seg\u00fan inform\u00f3 la agencia palestina de noticias Wafa, los militares israel\u00edes asaltaron la localidad y abrieron el fuego de sus armas en su contra, lo que provoc\u00f3 &hellip;<\/p>\n","protected":false},"author":42,"featured_media":290004,"comment_status":"closed","ping_status":"closed","sticky":false,"template":"","format":"standard","meta":{"footnotes":""},"categories":[597,456,16687,20724,7541],"tags":[21804],"class_list":["post-290003","post","type-post","status-publish","format-standard","has-post-thumbnail","","category-cinta-de-noticias","category-arabe-internacional-politica","category-internacionales","category-minuto-a-minuto","category-ultimas-noticias","tag-palestino-herido-herido"],"_links":{"self":[{"href":"https:\/\/archive.sana.sy\/es\/index.php?rest_route=\/wp\/v2\/posts\/290003"}],"collection":[{"href":"https:\/\/archive.sana.sy\/es\/index.php?rest_route=\/wp\/v2\/posts"}],"about":[{"href":"https:\/\/archive.sana.sy\/es\/index.php?rest_route=\/wp\/v2\/types\/post"}],"author":[{"embeddable":true,"href":"https:\/\/archive.sana.sy\/es\/index.php?rest_route=\/wp\/v2\/users\/42"}],"replies":[{"embeddable":true,"href":"https:\/\/archive.sana.sy\/es\/index.php?rest_route=%2Fwp%2Fv2%2Fcomments&post=290003"}],"version-history":[{"count":0,"href":"https:\/\/archive.sana.sy\/es\/index.php?rest_route=\/wp\/v2\/posts\/290003\/revisions"}],"wp:featuredmedia":[{"embeddable":true,"href":"https:\/\/archive.sana.sy\/es\/index.php?rest_route=\/wp\/v2\/media\/290004"}],"wp:attachment":[{"href":"https:\/\/archive.sana.sy\/es\/index.php?rest_route=%2Fwp%2Fv2%2Fmedia&parent=290003"}],"wp:term":[{"taxonomy":"category","embeddable":true,"href":"https:\/\/archive.sana.sy\/es\/index.php?rest_route=%2Fwp%2Fv2%2Fcategories&post=290003"},{"taxonomy":"post_tag","embeddable":true,"href":"https:\/\/archive.sana.sy\/es\/index.php?rest_route=%2Fwp%2Fv2%2Ftags&post=290003"}],"curies":[{"name":"wp","href":"https:\/\/api.w.org\/{rel}","templated":true}]}}