{"id":290011,"date":"2023-03-06T13:59:34","date_gmt":"2023-03-06T10:59:34","guid":{"rendered":"https:\/\/sana.sy\/es\/?p=290011"},"modified":"2023-03-06T13:59:34","modified_gmt":"2023-03-06T10:59:34","slug":"fuerzas-rusas-derriban-tres-misiles-en-belgorod","status":"publish","type":"post","link":"https:\/\/archive.sana.sy\/es\/?p=290011","title":{"rendered":"Fuerzas rusas derriban tres misiles en Belgorod"},"content":{"rendered":"<p style=\"text-align: justify;\"><span style=\"color: #800000;\"><strong>Mosc\u00fa, 06 mar (SANA) <\/strong><\/span>Los sistemas de defensa a\u00e9rea rusos derribaron tres misiles que fueron lanzados contra la ciudad russ de Belgorod, ubicada en la frontera con Ucrania.<\/p>\n<p style=\"text-align: justify;\">El gobernador de la provincia, Vyacheslav Gladkov, inform\u00f3 que \u201cla defensa a\u00e9rea rusa intercept\u00f3 tres misiles en Novy Oskol\u201d, difundi\u00f3 RIA Novosti.<\/p>\n<p style=\"text-align: justify;\">Se\u00f1al\u00f3 que las metralla de los misiles causaron lesiones a una persona y da\u00f1os en las l\u00edneas el\u00e9ctricas de varias localidadas.<\/p>\n<p style=\"text-align: justify;\">Belgorod es bombardeada repetidamente por Ucrania y declar\u00f3 la alerta amarilla desde el 12 de abril pasado.<\/p>\n<p style=\"text-align: justify;\">as\/fm<\/p>\n","protected":false},"excerpt":{"rendered":"<p>Mosc\u00fa, 06 mar (SANA) Los sistemas de defensa a\u00e9rea rusos derribaron tres misiles que fueron lanzados contra la ciudad russ de Belgorod, ubicada en la frontera con Ucrania. El gobernador de la provincia, Vyacheslav Gladkov, inform\u00f3 que \u201cla defensa a\u00e9rea rusa intercept\u00f3 tres misiles en Novy Oskol\u201d, difundi\u00f3 RIA Novosti. Se\u00f1al\u00f3 que las metralla de &hellip;<\/p>\n","protected":false},"author":42,"featured_media":290012,"comment_status":"closed","ping_status":"closed","sticky":false,"template":"","format":"standard","meta":{"footnotes":""},"categories":[597,456,7541],"tags":[],"class_list":["post-290011","post","type-post","status-publish","format-standard","has-post-thumbnail","","category-cinta-de-noticias","category-arabe-internacional-politica","category-ultimas-noticias"],"_links":{"self":[{"href":"https:\/\/archive.sana.sy\/es\/index.php?rest_route=\/wp\/v2\/posts\/290011"}],"collection":[{"href":"https:\/\/archive.sana.sy\/es\/index.php?rest_route=\/wp\/v2\/posts"}],"about":[{"href":"https:\/\/archive.sana.sy\/es\/index.php?rest_route=\/wp\/v2\/types\/post"}],"author":[{"embeddable":true,"href":"https:\/\/archive.sana.sy\/es\/index.php?rest_route=\/wp\/v2\/users\/42"}],"replies":[{"embeddable":true,"href":"https:\/\/archive.sana.sy\/es\/index.php?rest_route=%2Fwp%2Fv2%2Fcomments&post=290011"}],"version-history":[{"count":0,"href":"https:\/\/archive.sana.sy\/es\/index.php?rest_route=\/wp\/v2\/posts\/290011\/revisions"}],"wp:featuredmedia":[{"embeddable":true,"href":"https:\/\/archive.sana.sy\/es\/index.php?rest_route=\/wp\/v2\/media\/290012"}],"wp:attachment":[{"href":"https:\/\/archive.sana.sy\/es\/index.php?rest_route=%2Fwp%2Fv2%2Fmedia&parent=290011"}],"wp:term":[{"taxonomy":"category","embeddable":true,"href":"https:\/\/archive.sana.sy\/es\/index.php?rest_route=%2Fwp%2Fv2%2Fcategories&post=290011"},{"taxonomy":"post_tag","embeddable":true,"href":"https:\/\/archive.sana.sy\/es\/index.php?rest_route=%2Fwp%2Fv2%2Ftags&post=290011"}],"curies":[{"name":"wp","href":"https:\/\/api.w.org\/{rel}","templated":true}]}}