{"id":290047,"date":"2023-03-06T17:26:36","date_gmt":"2023-03-06T14:26:36","guid":{"rendered":"https:\/\/sana.sy\/es\/?p=290047"},"modified":"2023-03-06T17:31:33","modified_gmt":"2023-03-06T14:31:33","slug":"universidades-de-damasco-y-bernardo-ohiggins-de-chile-examinan-perspectivas-de-cooperacion-academica","status":"publish","type":"post","link":"https:\/\/archive.sana.sy\/es\/?p=290047","title":{"rendered":"Universidades de Damasco y Bernardo O&#8217;Higgins de Chile examinan perspectivas de cooperaci\u00f3n acad\u00e9mica"},"content":{"rendered":"<p style=\"text-align: justify;\"><span style=\"color: #800000;\"><strong>Damasco, 06 mar (SANA) <\/strong><\/span>El rector de la Universidad de Damasco, Muhammad Osama Al-Jabban, examin\u00f3 hoy con el rector de la Universidad chilena Bernardo O&#8217;Higgins (Claudio Ruff Escobar) las perspectivas de cooperaci\u00f3n acad\u00e9mica y cultural, especialmente en el campo del intercambio de estudiantes, profesores y experiencias, y la publicaci\u00f3n de investigaciones cient\u00edficas.<\/p>\n<p style=\"text-align: justify;\">Las dos partes abordaron durante una reuni\u00f3n suscribir un convenio conjunto entre ambas instituciones para enmarcar campos de investigaci\u00f3n y cooperaci\u00f3n cultural en diversas disciplinas de inter\u00e9s mutuo, la posibilidad de intercambiar visitas cient\u00edficas de profesores y estudiantes, y la participaci\u00f3n en congresos y eventos cient\u00edficos que se realizan en ambos lados, as\u00ed como la supervisi\u00f3n conjunta de trabajos de investigaci\u00f3n de tesis de maestr\u00eda y doctorado.<\/p>\n<p style=\"text-align: justify;\"><img loading=\"lazy\" decoding=\"async\" class=\"size-medium wp-image-290049 alignleft\" src=\"http:\/\/sana.sy\/es\/wp-content\/uploads\/2023\/03\/DSC_3679-300x195.jpg\" alt=\"\" width=\"300\" height=\"195\" srcset=\"https:\/\/archive.sana.sy\/es\/wp-content\/uploads\/2023\/03\/DSC_3679-300x195.jpg 300w, https:\/\/archive.sana.sy\/es\/wp-content\/uploads\/2023\/03\/DSC_3679-1024x665.jpg 1024w, https:\/\/archive.sana.sy\/es\/wp-content\/uploads\/2023\/03\/DSC_3679-150x97.jpg 150w, https:\/\/archive.sana.sy\/es\/wp-content\/uploads\/2023\/03\/DSC_3679-768x499.jpg 768w, https:\/\/archive.sana.sy\/es\/wp-content\/uploads\/2023\/03\/DSC_3679-1536x997.jpg 1536w, https:\/\/archive.sana.sy\/es\/wp-content\/uploads\/2023\/03\/DSC_3679-2048x1329.jpg 2048w\" sizes=\"(max-width: 300px) 100vw, 300px\" \/><\/p>\n<p style=\"text-align: justify;\">El titular sirio afirm\u00f3 la disposici\u00f3n de la Universidad de Damasco para desarrollar sus relaciones con entidades hom\u00f3logas chilenas y beneficiarse de sus experiencias, especialmente en el \u00e1mbito de la investigaci\u00f3n y los estudios s\u00edsmicos, as\u00ed como la cooperaci\u00f3n en la organizaci\u00f3n de conferencias virtuales y publicaciones en revistas cient\u00edficas de ambas universidades.<\/p>\n<p style=\"text-align: justify;\">A su vez, el Rector de Universidad chilena destac\u00f3 el estatus cient\u00edfico e hist\u00f3rico de la Universidad de Damasco, y expres\u00f3 el deseo de que la cooperaci\u00f3n con la misma sea un comienzo para la cooperaci\u00f3n con otras universidades sirias.<\/p>\n<p style=\"text-align: justify;\"><img loading=\"lazy\" decoding=\"async\" class=\"size-medium wp-image-290050 alignleft\" src=\"http:\/\/sana.sy\/es\/wp-content\/uploads\/2023\/03\/DSC_3663-300x185.jpg\" alt=\"\" width=\"300\" height=\"185\" srcset=\"https:\/\/archive.sana.sy\/es\/wp-content\/uploads\/2023\/03\/DSC_3663-300x185.jpg 300w, https:\/\/archive.sana.sy\/es\/wp-content\/uploads\/2023\/03\/DSC_3663-1024x631.jpg 1024w, https:\/\/archive.sana.sy\/es\/wp-content\/uploads\/2023\/03\/DSC_3663-150x92.jpg 150w, https:\/\/archive.sana.sy\/es\/wp-content\/uploads\/2023\/03\/DSC_3663-768x473.jpg 768w, https:\/\/archive.sana.sy\/es\/wp-content\/uploads\/2023\/03\/DSC_3663-1536x947.jpg 1536w, https:\/\/archive.sana.sy\/es\/wp-content\/uploads\/2023\/03\/DSC_3663-2048x1262.jpg 2048w\" sizes=\"(max-width: 300px) 100vw, 300px\" \/><\/p>\n<p style=\"text-align: justify;\">Se\u00f1al\u00f3 que esta es la primera visita de una delegaci\u00f3n de la Universidad Bernardo O&#8217;Higgins de Chile, que cuenta con un n\u00famero de 9.000 estudiantes, e incluye diversas especializaciones.<\/p>\n<p style=\"text-align: justify;\">Se trata de una visita exploratoria para estudiar las potencialidades que tienen ambas partes y organizar coordinaci\u00f3n mutua, aclar\u00f3.<\/p>\n<p style=\"text-align: justify;\">A la reuni\u00f3n asistieron el encargado de negocios de la Embajada de Chile en Damasco, Jos\u00e9 Patricio Brickleel, el vicerrector de la Universidad Bernardo O&#8217;Higgins para Asuntos Acad\u00e9micos, Jorge Arias Garrido y el director de Comunicaci\u00f3n en la Universidad, Ra\u00fal Pe\u00f1a Silva, as\u00ed como los vicerrectores de la Universidad de Damasco para Asuntos Acad\u00e9micos e Investigaci\u00f3n Cient\u00edfica, Firas Hinnawi y Maysa Al-Sioufi.<\/p>\n<p style=\"text-align: justify;\">sm\/fm<\/p>\n","protected":false},"excerpt":{"rendered":"<p>Damasco, 06 mar (SANA) El rector de la Universidad de Damasco, Muhammad Osama Al-Jabban, examin\u00f3 hoy con el rector de la Universidad chilena Bernardo O&#8217;Higgins (Claudio Ruff Escobar) las perspectivas de cooperaci\u00f3n acad\u00e9mica y cultural, especialmente en el campo del intercambio de estudiantes, profesores y experiencias, y la publicaci\u00f3n de investigaciones cient\u00edficas. Las dos partes &hellip;<\/p>\n","protected":false},"author":39,"featured_media":290048,"comment_status":"closed","ping_status":"closed","sticky":false,"template":"","format":"standard","meta":{"footnotes":""},"categories":[477,597,20724,467,7541],"tags":[],"class_list":["post-290047","post","type-post","status-publish","format-standard","has-post-thumbnail","","category-noticias-edulcorantes","category-cinta-de-noticias","category-minuto-a-minuto","category-siria-y-el-mundo","category-ultimas-noticias"],"_links":{"self":[{"href":"https:\/\/archive.sana.sy\/es\/index.php?rest_route=\/wp\/v2\/posts\/290047"}],"collection":[{"href":"https:\/\/archive.sana.sy\/es\/index.php?rest_route=\/wp\/v2\/posts"}],"about":[{"href":"https:\/\/archive.sana.sy\/es\/index.php?rest_route=\/wp\/v2\/types\/post"}],"author":[{"embeddable":true,"href":"https:\/\/archive.sana.sy\/es\/index.php?rest_route=\/wp\/v2\/users\/39"}],"replies":[{"embeddable":true,"href":"https:\/\/archive.sana.sy\/es\/index.php?rest_route=%2Fwp%2Fv2%2Fcomments&post=290047"}],"version-history":[{"count":0,"href":"https:\/\/archive.sana.sy\/es\/index.php?rest_route=\/wp\/v2\/posts\/290047\/revisions"}],"wp:featuredmedia":[{"embeddable":true,"href":"https:\/\/archive.sana.sy\/es\/index.php?rest_route=\/wp\/v2\/media\/290048"}],"wp:attachment":[{"href":"https:\/\/archive.sana.sy\/es\/index.php?rest_route=%2Fwp%2Fv2%2Fmedia&parent=290047"}],"wp:term":[{"taxonomy":"category","embeddable":true,"href":"https:\/\/archive.sana.sy\/es\/index.php?rest_route=%2Fwp%2Fv2%2Fcategories&post=290047"},{"taxonomy":"post_tag","embeddable":true,"href":"https:\/\/archive.sana.sy\/es\/index.php?rest_route=%2Fwp%2Fv2%2Ftags&post=290047"}],"curies":[{"name":"wp","href":"https:\/\/api.w.org\/{rel}","templated":true}]}}