{"id":290054,"date":"2023-03-06T17:40:45","date_gmt":"2023-03-06T14:40:45","guid":{"rendered":"https:\/\/sana.sy\/es\/?p=290054"},"modified":"2023-03-06T17:40:45","modified_gmt":"2023-03-06T14:40:45","slug":"iran-y-la-onu-subrayan-necesidad-de-facilitar-entrega-de-ayuda-a-siria","status":"publish","type":"post","link":"https:\/\/archive.sana.sy\/es\/?p=290054","title":{"rendered":"Ir\u00e1n y la ONU subrayan necesidad de facilitar entrega de ayuda a Siria"},"content":{"rendered":"<p style=\"text-align: justify;\"><span style=\"color: #800000;\"><strong>Teher\u00e1n, 06 mar (SANA)<\/strong> <\/span>El asesor principal del Ministro de Relaciones Exteriores de Ir\u00e1n en asuntos pol\u00edticos, Ali Asghar Khaji, y el representante especial del secretario general de las Naciones Unidas en Siria, Geir Pedersen, destacaron hoy\u00a0 la necesidad de facilitar el env\u00edo de ayuda al pueblo sirio tras el reciente terremoto, y evitar la politizaci\u00f3n en este sentido.<\/p>\n<p style=\"text-align: justify;\">Seg\u00fan la agencia iran\u00ed de noticias IRNA, Ali Asghar Khaji abord\u00f3 telef\u00f3nicamente con Pedersen los \u00faltimos acontecimientos a nivel pol\u00edtico y de campo en Siria, especialmente tras el reciente terremoto y las dolorosas consecuencias humanitarias y da\u00f1os materiales que caus\u00f3 el sismo.<\/p>\n<p style=\"text-align: justify;\">Adem\u00e1s, el diplom\u00e1tico iran\u00ed expres\u00f3 su rechazo\u00a0 al bloqueo a Siria y los obst\u00e1culos que dificultan el env\u00edo\u00a0 de ayuda al pa\u00eds, y se refiri\u00f3 a las dif\u00edciles condiciones de vida de las v\u00edctimas del desastre y la necesidad de aumentar y acelerar la entrega de ayuda humanitaria internacional incondicionalmente.<\/p>\n<p style=\"text-align: justify;\">sm\/mm<\/p>\n","protected":false},"excerpt":{"rendered":"<p>Teher\u00e1n, 06 mar (SANA) El asesor principal del Ministro de Relaciones Exteriores de Ir\u00e1n en asuntos pol\u00edticos, Ali Asghar Khaji, y el representante especial del secretario general de las Naciones Unidas en Siria, Geir Pedersen, destacaron hoy\u00a0 la necesidad de facilitar el env\u00edo de ayuda al pueblo sirio tras el reciente terremoto, y evitar la &hellip;<\/p>\n","protected":false},"author":39,"featured_media":290055,"comment_status":"closed","ping_status":"closed","sticky":false,"template":"","format":"standard","meta":{"footnotes":""},"categories":[597,20724,467,7541],"tags":[],"class_list":["post-290054","post","type-post","status-publish","format-standard","has-post-thumbnail","","category-cinta-de-noticias","category-minuto-a-minuto","category-siria-y-el-mundo","category-ultimas-noticias"],"_links":{"self":[{"href":"https:\/\/archive.sana.sy\/es\/index.php?rest_route=\/wp\/v2\/posts\/290054"}],"collection":[{"href":"https:\/\/archive.sana.sy\/es\/index.php?rest_route=\/wp\/v2\/posts"}],"about":[{"href":"https:\/\/archive.sana.sy\/es\/index.php?rest_route=\/wp\/v2\/types\/post"}],"author":[{"embeddable":true,"href":"https:\/\/archive.sana.sy\/es\/index.php?rest_route=\/wp\/v2\/users\/39"}],"replies":[{"embeddable":true,"href":"https:\/\/archive.sana.sy\/es\/index.php?rest_route=%2Fwp%2Fv2%2Fcomments&post=290054"}],"version-history":[{"count":0,"href":"https:\/\/archive.sana.sy\/es\/index.php?rest_route=\/wp\/v2\/posts\/290054\/revisions"}],"wp:featuredmedia":[{"embeddable":true,"href":"https:\/\/archive.sana.sy\/es\/index.php?rest_route=\/wp\/v2\/media\/290055"}],"wp:attachment":[{"href":"https:\/\/archive.sana.sy\/es\/index.php?rest_route=%2Fwp%2Fv2%2Fmedia&parent=290054"}],"wp:term":[{"taxonomy":"category","embeddable":true,"href":"https:\/\/archive.sana.sy\/es\/index.php?rest_route=%2Fwp%2Fv2%2Fcategories&post=290054"},{"taxonomy":"post_tag","embeddable":true,"href":"https:\/\/archive.sana.sy\/es\/index.php?rest_route=%2Fwp%2Fv2%2Ftags&post=290054"}],"curies":[{"name":"wp","href":"https:\/\/api.w.org\/{rel}","templated":true}]}}