{"id":290057,"date":"2023-03-06T17:45:11","date_gmt":"2023-03-06T14:45:11","guid":{"rendered":"https:\/\/sana.sy\/es\/?p=290057"},"modified":"2023-03-06T17:45:11","modified_gmt":"2023-03-06T14:45:11","slug":"fuerzas-de-ocupacion-israelies-detienen-a-3-palestinos","status":"publish","type":"post","link":"https:\/\/archive.sana.sy\/es\/?p=290057","title":{"rendered":"Fuerzas de ocupaci\u00f3n israel\u00edes detienen a 3 palestinos"},"content":{"rendered":"<p style=\"text-align: justify;\"><span style=\"color: #800000;\"><strong>Jerusal\u00e9n ocupada, 06 mar (SANA)<\/strong><\/span> Las fuerzas de ocupaci\u00f3n israel\u00edes arrestaron hoy a tres palestinos en Cisjordania, seg\u00fan report\u00f3 la agencia de prensa palestina WAFA.<\/p>\n<p style=\"text-align: justify;\">\u201cMilitares de la ocupaci\u00f3n israel\u00edes detuvieron a dos palestinos cuando pasaban cerca de uno de sus puestos de control en la localidad de Hawara, al sur de Nablus, mientras que otro fue arrestado en Silwan, Jerusal\u00e9n ocupada\u201d, detall\u00f3 la fuente.<\/p>\n<p style=\"text-align: justify;\">Anteriormente, las fuerzas de ocupaci\u00f3n arrestaron a 12 palestinos durante su asalto a diferentes \u00e1reas en Cisjordania.<\/p>\n<p>&nbsp;<\/p>\n<p>LEA TAMBI\u00c9N: <span style=\"color: #993300;\"><a style=\"color: #993300;\" href=\"https:\/\/sanasyria.org\/es\/?p=290003\">Un palestino resulta herido por disparos israel\u00edes al sur del Bel\u00e9n<\/a><\/span><\/p>\n<p>mm<\/p>\n","protected":false},"excerpt":{"rendered":"<p>Jerusal\u00e9n ocupada, 06 mar (SANA) Las fuerzas de ocupaci\u00f3n israel\u00edes arrestaron hoy a tres palestinos en Cisjordania, seg\u00fan report\u00f3 la agencia de prensa palestina WAFA. \u201cMilitares de la ocupaci\u00f3n israel\u00edes detuvieron a dos palestinos cuando pasaban cerca de uno de sus puestos de control en la localidad de Hawara, al sur de Nablus, mientras que &hellip;<\/p>\n","protected":false},"author":36,"featured_media":290058,"comment_status":"closed","ping_status":"closed","sticky":false,"template":"","format":"standard","meta":{"footnotes":""},"categories":[597,456,16687,20724,457],"tags":[21808],"class_list":["post-290057","post","type-post","status-publish","format-standard","has-post-thumbnail","","category-cinta-de-noticias","category-arabe-internacional-politica","category-internacionales","category-minuto-a-minuto","category-noticias-arabe-internacional-politica","tag-fuerzas-ocupacion-israelies"],"_links":{"self":[{"href":"https:\/\/archive.sana.sy\/es\/index.php?rest_route=\/wp\/v2\/posts\/290057"}],"collection":[{"href":"https:\/\/archive.sana.sy\/es\/index.php?rest_route=\/wp\/v2\/posts"}],"about":[{"href":"https:\/\/archive.sana.sy\/es\/index.php?rest_route=\/wp\/v2\/types\/post"}],"author":[{"embeddable":true,"href":"https:\/\/archive.sana.sy\/es\/index.php?rest_route=\/wp\/v2\/users\/36"}],"replies":[{"embeddable":true,"href":"https:\/\/archive.sana.sy\/es\/index.php?rest_route=%2Fwp%2Fv2%2Fcomments&post=290057"}],"version-history":[{"count":0,"href":"https:\/\/archive.sana.sy\/es\/index.php?rest_route=\/wp\/v2\/posts\/290057\/revisions"}],"wp:featuredmedia":[{"embeddable":true,"href":"https:\/\/archive.sana.sy\/es\/index.php?rest_route=\/wp\/v2\/media\/290058"}],"wp:attachment":[{"href":"https:\/\/archive.sana.sy\/es\/index.php?rest_route=%2Fwp%2Fv2%2Fmedia&parent=290057"}],"wp:term":[{"taxonomy":"category","embeddable":true,"href":"https:\/\/archive.sana.sy\/es\/index.php?rest_route=%2Fwp%2Fv2%2Fcategories&post=290057"},{"taxonomy":"post_tag","embeddable":true,"href":"https:\/\/archive.sana.sy\/es\/index.php?rest_route=%2Fwp%2Fv2%2Ftags&post=290057"}],"curies":[{"name":"wp","href":"https:\/\/api.w.org\/{rel}","templated":true}]}}