{"id":290060,"date":"2023-03-06T19:28:09","date_gmt":"2023-03-06T16:28:09","guid":{"rendered":"https:\/\/sana.sy\/es\/?p=290060"},"modified":"2023-03-06T19:33:20","modified_gmt":"2023-03-06T16:33:20","slug":"siria-y-chile-abordan-cooperacion-cientifica-y-cultural-conjunta","status":"publish","type":"post","link":"https:\/\/archive.sana.sy\/es\/?p=290060","title":{"rendered":"Siria y Chile abordan\u00a0cooperaci\u00f3n cient\u00edfica y cultural conjunta"},"content":{"rendered":"<p style=\"text-align: justify;\"><span style=\"color: #800000;\"><strong>Damasco, 06 mar (SANA)<\/strong> <\/span>El ministro sirio\u00a0 de Educaci\u00f3n Superior e Investigaci\u00f3n Cient\u00edfica, Bassam Ibrahim, examin\u00f3 hoy con el rector de la Universidad chilena Bernardo O\u2019Higgins (Claudio Ruff Escobar), las perspectivas de cooperaci\u00f3n cient\u00edfica y cultural conjunta, especialmente en el campo del intercambio de estudiantes y profesores, la publicaci\u00f3n de investigaciones cient\u00edficas y el intercambio de experiencias en esta direcci\u00f3n.<\/p>\n<p style=\"text-align: justify;\">El ministro sirio ofreci\u00f3 una presentaci\u00f3n\u00a0 general sobre el sistema de educaci\u00f3n superior en Siria y sus\u00a0 especialidades cient\u00edficas, asimismo, expres\u00f3 su esperanza de firmar acuerdos cient\u00edficos conjuntos con la parte chilena para enmarcar \u00e1reas de investigaci\u00f3n y cooperaci\u00f3n cultural, y la posibilidad de intercambiar visitas cient\u00edficas para profesores y estudiantes, la participaci\u00f3n en congresos y actividades cient\u00edficas de ambas partes, as\u00ed como la supervisi\u00f3n conjunta de tesis de maestr\u00eda y doctorado.<\/p>\n<p style=\"text-align: justify;\">Por su parte, el Rector de la Universidad Chilena Bernardo O&#8217;Higgins expres\u00f3 su alegr\u00eda por visitar Siria, y resalt\u00f3 el deseo de cooperar con sus universidades e instituciones cient\u00edficas.<\/p>\n<p style=\"text-align: justify;\">Se\u00f1al\u00f3 que esta es la primera visita de una delegaci\u00f3n de la Universidad, que cuenta con 9.000 estudiantes de diversas especialidades, y es una visita informativa que incluye varias provincias para estudiar las capacidades disponibles en ambos lados y organizar la coordinaci\u00f3n mutua, de manera que beneficie al inter\u00e9s de los pueblos de los dos pa\u00edses amigos.<\/p>\n<p style=\"text-align: justify;\">A la reuni\u00f3n asistieron el encargado de negocios de la Embajada de Chile en Damasco, Jos\u00e9 Patricio Brickleel, el vicerrector de la Universidad Bernardo O\u2019Higgins para Asuntos Acad\u00e9micos, Jorge Arias Garrido y el director de Comunicaci\u00f3n en la Universidad, Ra\u00fal Pe\u00f1a Silva, as\u00ed como los Viceministros de Educaci\u00f3n Superior e Investigaci\u00f3n Cient\u00edfica y el Director de Relaciones Culturales del Ministerio.<\/p>\n<p style=\"text-align: justify;\">La Universidad Bernardo O&#8217;Higgins de Chile hab\u00eda firmado un acuerdo con la Universidad Privada Al-Sham para la cooperaci\u00f3n cient\u00edfica conjunta y el intercambio acad\u00e9mico de estudiantes y profesores, as\u00ed como la cooperaci\u00f3n relacionada con la realizaci\u00f3n de estudios e investigaciones en Astronom\u00eda, terremotos y desastres y otras diversas investigaciones qu\u00edmicas y educativas.<\/p>\n<p style=\"text-align: justify;\">La delegaci\u00f3n de la Universidad Bernardo O&#8217;Higgins de Chile inici\u00f3 esta ma\u00f1ana una visita de cinco d\u00edas a Siria, durante la cual sostendr\u00e1 encuentros con los rectores de las universidades de Damasco, Al-Baath, Alepo, Tishreen, Al-Sham y Cordoba, adem\u00e1s de un recorrido por muchos sitios hist\u00f3ricos y arqueol\u00f3gicos.<\/p>\n<p style=\"text-align: justify;\">sm\/mm<\/p>\n","protected":false},"excerpt":{"rendered":"<p>Damasco, 06 mar (SANA) El ministro sirio\u00a0 de Educaci\u00f3n Superior e Investigaci\u00f3n Cient\u00edfica, Bassam Ibrahim, examin\u00f3 hoy con el rector de la Universidad chilena Bernardo O\u2019Higgins (Claudio Ruff Escobar), las perspectivas de cooperaci\u00f3n cient\u00edfica y cultural conjunta, especialmente en el campo del intercambio de estudiantes y profesores, la publicaci\u00f3n de investigaciones cient\u00edficas y el intercambio &hellip;<\/p>\n","protected":false},"author":39,"featured_media":290061,"comment_status":"closed","ping_status":"closed","sticky":false,"template":"","format":"standard","meta":{"footnotes":""},"categories":[597,20724,467,7541],"tags":[],"class_list":["post-290060","post","type-post","status-publish","format-standard","has-post-thumbnail","","category-cinta-de-noticias","category-minuto-a-minuto","category-siria-y-el-mundo","category-ultimas-noticias"],"_links":{"self":[{"href":"https:\/\/archive.sana.sy\/es\/index.php?rest_route=\/wp\/v2\/posts\/290060"}],"collection":[{"href":"https:\/\/archive.sana.sy\/es\/index.php?rest_route=\/wp\/v2\/posts"}],"about":[{"href":"https:\/\/archive.sana.sy\/es\/index.php?rest_route=\/wp\/v2\/types\/post"}],"author":[{"embeddable":true,"href":"https:\/\/archive.sana.sy\/es\/index.php?rest_route=\/wp\/v2\/users\/39"}],"replies":[{"embeddable":true,"href":"https:\/\/archive.sana.sy\/es\/index.php?rest_route=%2Fwp%2Fv2%2Fcomments&post=290060"}],"version-history":[{"count":0,"href":"https:\/\/archive.sana.sy\/es\/index.php?rest_route=\/wp\/v2\/posts\/290060\/revisions"}],"wp:featuredmedia":[{"embeddable":true,"href":"https:\/\/archive.sana.sy\/es\/index.php?rest_route=\/wp\/v2\/media\/290061"}],"wp:attachment":[{"href":"https:\/\/archive.sana.sy\/es\/index.php?rest_route=%2Fwp%2Fv2%2Fmedia&parent=290060"}],"wp:term":[{"taxonomy":"category","embeddable":true,"href":"https:\/\/archive.sana.sy\/es\/index.php?rest_route=%2Fwp%2Fv2%2Fcategories&post=290060"},{"taxonomy":"post_tag","embeddable":true,"href":"https:\/\/archive.sana.sy\/es\/index.php?rest_route=%2Fwp%2Fv2%2Ftags&post=290060"}],"curies":[{"name":"wp","href":"https:\/\/api.w.org\/{rel}","templated":true}]}}