{"id":290083,"date":"2023-03-07T06:36:36","date_gmt":"2023-03-07T03:36:36","guid":{"rendered":"https:\/\/sana.sy\/es\/?p=290083"},"modified":"2023-03-07T06:36:36","modified_gmt":"2023-03-07T03:36:36","slug":"siria-exige-que-no-se-utilice-el-consejo-de-seguridad-para-fines-politicos","status":"publish","type":"post","link":"https:\/\/archive.sana.sy\/es\/?p=290083","title":{"rendered":"Siria exige que no se utilice el Consejo de Seguridad para fines pol\u00edticos"},"content":{"rendered":"<blockquote>\n<p style=\"text-align: justify;\"><span style=\"color: #993300;\">El delegado sirio ante la ONU record\u00f3 que el 19 de marzo de 2013, Siria fue testigo del primer uso de armas qu\u00edmicas, cuando grupos terroristas dispararon un proyectil que conten\u00eda sustancias qu\u00edmicas contra la localidad de Khan al-Asal en la provincia de Alepo, lo que mat\u00f3 a 25 personas, la mayor\u00eda de ellos son militares sirios, adem\u00e1s de 110 casos de asfixia y desmayos.<\/span><\/p>\n<\/blockquote>\n<p style=\"text-align: justify;\"><span style=\"color: #800000;\"><strong>Nueva York, 7 mar (SANA)\u00a0<\/strong> <\/span>Es necesario que algunos pa\u00edses abandonen su enfoque hostil y err\u00f3neo hacia Siria, y no utilicen las discusiones del Consejo de Seguridad sobre el llamado &#8220;expediente qu\u00edmico&#8221; con fines pol\u00edticos, afirm\u00f3 hoy el representante permanente de Siria ante las Naciones Unidas, Bassam Sabbagh.<\/p>\n<p style=\"text-align: justify;\">Durante una sesi\u00f3n del Consejo de Seguridad dedicada a debatir el &#8220;expediente qu\u00edmico&#8221; en Siria, Sabbagh record\u00f3 que el 19 de marzo de 2013, Siria fue testigo del primer uso de armas qu\u00edmicas, cuando grupos terroristas dispararon un proyectil que conten\u00eda sustancias qu\u00edmicas contra la localidad de Khan al-Asal en la provincia de Alepo, lo que mat\u00f3 a 25 personas, la mayor\u00eda de ellos son militares sirios, adem\u00e1s de 110 casos de asfixia y desmayos.<\/p>\n<p style=\"text-align: justify;\">Sabbagh explic\u00f3 que los grupos terroristas, en coordinaci\u00f3n con los llamados &#8220;Cascos Blancos&#8221;, contin\u00faan preparando ataques de falsa bandera con armas qu\u00edmicas para acusar al gobierno sirio, el m\u00e1s reciente de los cuales fue el traslado de barriles de pl\u00e1stico que contienen cloro a las zonas rurales de Idlib.<\/p>\n<p style=\"text-align: justify;\">\u201cLa persistencia de algunos pa\u00edses de hacer caso omiso a la grave amenaza que representa la posesi\u00f3n de armas de destrucci\u00f3n masiva por parte de organizaciones terroristas plantea serios riesgos para todos los Estados Miembros, lo que requiere una condena y acci\u00f3n inmediata y seria para evitar que estas armas lleguen a los terroristas\u201d, destac\u00f3 el diplom\u00e1tico.<\/p>\n<p style=\"text-align: justify;\">Seg\u00fan afirm\u00f3 Sabbagh Siria tom\u00f3 una decisi\u00f3n estrat\u00e9gica y voluntaria en 2013 para adherirse a la Convenci\u00f3n sobre Armas Qu\u00edmicas, sin embargo, algunos pa\u00edses siguen lanzando campa\u00f1as para hacer acusaciones falsas, lo cual muestra el grado de politizaci\u00f3n que ha abrumado el trabajo de la Organizaci\u00f3n.<\/p>\n<p style=\"text-align: justify;\">Los informes poco profesionales sobre las armas qu\u00edmicas en Siria se basan en informaci\u00f3n que no goza de ninguna credibilidad y no siguieron la metodolog\u00eda estipulada en el acuerdo, lo que permiti\u00f3 que los pa\u00edses occidentales los usaran como plataforma para atacar a Siria\u201d, denunci\u00f3 el delegado sirio.<\/p>\n<p style=\"text-align: justify;\">fm<\/p>\n<p style=\"text-align: justify;\">\n","protected":false},"excerpt":{"rendered":"<p>El delegado sirio ante la ONU record\u00f3 que el 19 de marzo de 2013, Siria fue testigo del primer uso de armas qu\u00edmicas, cuando grupos terroristas dispararon un proyectil que conten\u00eda sustancias qu\u00edmicas contra la localidad de Khan al-Asal en la provincia de Alepo, lo que mat\u00f3 a 25 personas, la mayor\u00eda de ellos son &hellip;<\/p>\n","protected":false},"author":34,"featured_media":290084,"comment_status":"closed","ping_status":"closed","sticky":false,"template":"","format":"standard","meta":{"footnotes":""},"categories":[447,597,573,20724,476,467,583],"tags":[],"class_list":["post-290083","post","type-post","status-publish","format-standard","has-post-thumbnail","","category-local-politica","category-cinta-de-noticias","category-la-realidad-de-los-acontecimientos-en-siria","category-minuto-a-minuto","category-locales","category-siria-y-el-mundo","category-slide"],"_links":{"self":[{"href":"https:\/\/archive.sana.sy\/es\/index.php?rest_route=\/wp\/v2\/posts\/290083"}],"collection":[{"href":"https:\/\/archive.sana.sy\/es\/index.php?rest_route=\/wp\/v2\/posts"}],"about":[{"href":"https:\/\/archive.sana.sy\/es\/index.php?rest_route=\/wp\/v2\/types\/post"}],"author":[{"embeddable":true,"href":"https:\/\/archive.sana.sy\/es\/index.php?rest_route=\/wp\/v2\/users\/34"}],"replies":[{"embeddable":true,"href":"https:\/\/archive.sana.sy\/es\/index.php?rest_route=%2Fwp%2Fv2%2Fcomments&post=290083"}],"version-history":[{"count":0,"href":"https:\/\/archive.sana.sy\/es\/index.php?rest_route=\/wp\/v2\/posts\/290083\/revisions"}],"wp:featuredmedia":[{"embeddable":true,"href":"https:\/\/archive.sana.sy\/es\/index.php?rest_route=\/wp\/v2\/media\/290084"}],"wp:attachment":[{"href":"https:\/\/archive.sana.sy\/es\/index.php?rest_route=%2Fwp%2Fv2%2Fmedia&parent=290083"}],"wp:term":[{"taxonomy":"category","embeddable":true,"href":"https:\/\/archive.sana.sy\/es\/index.php?rest_route=%2Fwp%2Fv2%2Fcategories&post=290083"},{"taxonomy":"post_tag","embeddable":true,"href":"https:\/\/archive.sana.sy\/es\/index.php?rest_route=%2Fwp%2Fv2%2Ftags&post=290083"}],"curies":[{"name":"wp","href":"https:\/\/api.w.org\/{rel}","templated":true}]}}