{"id":290090,"date":"2023-03-07T11:52:34","date_gmt":"2023-03-07T08:52:34","guid":{"rendered":"https:\/\/sana.sy\/es\/?p=290090"},"modified":"2023-03-07T11:52:34","modified_gmt":"2023-03-07T08:52:34","slug":"tras-un-bombardeo-israeli-los-vuelos-de-ayuda-humanitaria-con-destino-a-alepo-aterrizaran-en-latakia-y-damasco","status":"publish","type":"post","link":"https:\/\/archive.sana.sy\/es\/?p=290090","title":{"rendered":"Tras un bombardeo israel\u00ed, los vuelos de ayuda humanitaria con destino a Alepo aterrizar\u00e1n en Latakia y Damasco"},"content":{"rendered":"<blockquote>\n<p style=\"text-align: justify;\"><span style=\"color: #800000;\">Tras la agresi\u00f3n israel\u00ed contra el Aeropuerto de Alepo, que provoc\u00f3 su salida de servicio, se decidi\u00f3 desviar los vuelos de los aviones de ayuda humanitaria para los afectados por el terremoto, y los vuelos previstos y programados de pasajeros, hacia los aeropuertos de Damasco y Latakia.<\/span><\/p>\n<\/blockquote>\n<p style=\"text-align: justify;\"><span style=\"color: #800000;\"><strong>Damasco, 7 mar (SANA)<\/strong> \u00a0<\/span>Los aeropuertos internacionales de Damasco y Latakia recibir\u00e1n todos los vuelos y operaciones de aterrizaje de aviones programados a trav\u00e9s del Aeropuerto Internacional de Alepo, inform\u00f3 hoy el Ministerio de Transporte, representada por la Empresa de Aviaci\u00f3n Civil.<\/p>\n<p>Por medio de un comunicado, el Ministerio inform\u00f3 que tras la agresi\u00f3n israel\u00ed contra el Aeropuerto de Alepo, que provoc\u00f3 su salida de servicio, se decidi\u00f3 desviar los vuelos de los aviones de ayuda humanitaria para los afectados por el terremoto, y los vuelos previstos y programados de pasajeros, hacia los aeropuertos de Damasco y Latakia.<\/p>\n<p>El Ministerio llam\u00f3 a los viajeros a coordinar sus viajes, su transporte, y sus horarios de vuelo con las aerol\u00edneas y sus respectivas oficinas.<\/p>\n<p>El Ministerio confirm\u00f3 que sus cuadros ya han iniciado las operaciones de evaluar los da\u00f1os en el Aeropuerto Internacional de Alepo a fin de repararlos en cooperaci\u00f3n con las empresas nacionales.<\/p>\n<p>fm\/ws<\/p>\n","protected":false},"excerpt":{"rendered":"<p>Tras la agresi\u00f3n israel\u00ed contra el Aeropuerto de Alepo, que provoc\u00f3 su salida de servicio, se decidi\u00f3 desviar los vuelos de los aviones de ayuda humanitaria para los afectados por el terremoto, y los vuelos previstos y programados de pasajeros, hacia los aeropuertos de Damasco y Latakia. Damasco, 7 mar (SANA) \u00a0Los aeropuertos internacionales de &hellip;<\/p>\n","protected":false},"author":35,"featured_media":290091,"comment_status":"closed","ping_status":"closed","sticky":false,"template":"","format":"standard","meta":{"footnotes":""},"categories":[477,447,597,20724,476,7541],"tags":[],"class_list":["post-290090","post","type-post","status-publish","format-standard","has-post-thumbnail","","category-noticias-edulcorantes","category-local-politica","category-cinta-de-noticias","category-minuto-a-minuto","category-locales","category-ultimas-noticias"],"_links":{"self":[{"href":"https:\/\/archive.sana.sy\/es\/index.php?rest_route=\/wp\/v2\/posts\/290090"}],"collection":[{"href":"https:\/\/archive.sana.sy\/es\/index.php?rest_route=\/wp\/v2\/posts"}],"about":[{"href":"https:\/\/archive.sana.sy\/es\/index.php?rest_route=\/wp\/v2\/types\/post"}],"author":[{"embeddable":true,"href":"https:\/\/archive.sana.sy\/es\/index.php?rest_route=\/wp\/v2\/users\/35"}],"replies":[{"embeddable":true,"href":"https:\/\/archive.sana.sy\/es\/index.php?rest_route=%2Fwp%2Fv2%2Fcomments&post=290090"}],"version-history":[{"count":0,"href":"https:\/\/archive.sana.sy\/es\/index.php?rest_route=\/wp\/v2\/posts\/290090\/revisions"}],"wp:featuredmedia":[{"embeddable":true,"href":"https:\/\/archive.sana.sy\/es\/index.php?rest_route=\/wp\/v2\/media\/290091"}],"wp:attachment":[{"href":"https:\/\/archive.sana.sy\/es\/index.php?rest_route=%2Fwp%2Fv2%2Fmedia&parent=290090"}],"wp:term":[{"taxonomy":"category","embeddable":true,"href":"https:\/\/archive.sana.sy\/es\/index.php?rest_route=%2Fwp%2Fv2%2Fcategories&post=290090"},{"taxonomy":"post_tag","embeddable":true,"href":"https:\/\/archive.sana.sy\/es\/index.php?rest_route=%2Fwp%2Fv2%2Ftags&post=290090"}],"curies":[{"name":"wp","href":"https:\/\/api.w.org\/{rel}","templated":true}]}}