{"id":290093,"date":"2023-03-07T12:30:02","date_gmt":"2023-03-07T09:30:02","guid":{"rendered":"https:\/\/sana.sy\/es\/?p=290093"},"modified":"2023-03-07T12:30:02","modified_gmt":"2023-03-07T09:30:02","slug":"apoyo-psicologico-y-fisico-para-los-ninos-sirios-afectados-por-los-terremotos-fotos","status":"publish","type":"post","link":"https:\/\/archive.sana.sy\/es\/?p=290093","title":{"rendered":"Apoyo psicol\u00f3gico y f\u00edsico para los ni\u00f1os sirios afectados por los terremotos (+ fotos)"},"content":{"rendered":"<p style=\"text-align: justify;\"><span style=\"color: #800000;\">Esta iniciativa lanzada bajo el lema &#8220;Con Esperanza y Trabajo Seguimos Siendo Fuertes&#8221; incluye una serie de acciones y actividades recreativas, deportivas y art\u00edsticas para sacar a los ni\u00f1os y sus familias del estado de miedo, y ayudarlos continuar sus estudios sin presiones psicol\u00f3gicas.<\/span><\/p>\n<p style=\"text-align: justify;\"><strong><span style=\"color: #800000;\">Latakia, 7 mar (SANA)\u00a0<\/span> <\/strong>Muchos ni\u00f1os sirios viven un estado de p\u00e1nico, tensi\u00f3n y depresi\u00f3n como consecuencia de los terremotos que azotaron el pa\u00eds el d\u00eda 6 de febrero pasado, lo cual llev\u00f3 el Ministerio de Educaci\u00f3n a lanzar un plan conjunto que abarca actividades aprobadas de apoyo psicol\u00f3gico y f\u00edsico para estos ni\u00f1os en las escuelas y centros de alojamiento donde est\u00e1n albergados en las provincias afectadas.<\/p>\n<p style=\"text-align: justify;\"><img loading=\"lazy\" decoding=\"async\" class=\"size-medium wp-image-290095 alignright\" src=\"http:\/\/sana.sy\/es\/wp-content\/uploads\/2023\/03\/photo_2023-03-06_11-00-24-300x197.jpg\" alt=\"\" width=\"300\" height=\"197\" srcset=\"https:\/\/archive.sana.sy\/es\/wp-content\/uploads\/2023\/03\/photo_2023-03-06_11-00-24-300x197.jpg 300w, https:\/\/archive.sana.sy\/es\/wp-content\/uploads\/2023\/03\/photo_2023-03-06_11-00-24-150x98.jpg 150w, https:\/\/archive.sana.sy\/es\/wp-content\/uploads\/2023\/03\/photo_2023-03-06_11-00-24-310x205.jpg 310w, https:\/\/archive.sana.sy\/es\/wp-content\/uploads\/2023\/03\/photo_2023-03-06_11-00-24.jpg 660w\" sizes=\"(max-width: 300px) 100vw, 300px\" \/>El ministro del ramo Darem Tabaa, declar\u00f3 a SANA que el plan se implementa bajo el lema \u201cCon Esperanza y Trabajo Seremos M\u00e1s Fuertes\u201d y tiene por objetivo ayudar a los menores para que puedan superar los estados de estr\u00e9s y trauma a trav\u00e9s de una serie de actividades recreativas y educativas.<\/p>\n<p>Una de las prioridades de nuestro plan es compensar las clases escolares de los ni\u00f1os que se vieron obligados a dejar sus estudios a ra\u00edz del desastre mediante la asignaci\u00f3n de 250 computadoras y la preparaci\u00f3n de aulas para asistir a las jornadas educativas que se realizan en las plataformas del Ministerio de Educaci\u00f3n, explic\u00f3 Tabaa.<\/p>\n<p>A su vez, el jefe de la Organizaci\u00f3n Nacional de Pioneros, Muhammad Izzat Arabi Katbi, destac\u00f3 los esfuerzos realizados por los equipos de la entidad que presidente para difundir paz y seguridad en los corazones de los peque\u00f1os.<\/p>\n<div id='gallery-1' class='gallery galleryid-290093 gallery-columns-1 gallery-size-full'><figure class='gallery-item'>\n\t\t\t<div class='gallery-icon landscape'>\n\t\t\t\t<a href='https:\/\/archive.sana.sy\/es\/wp-content\/uploads\/2023\/03\/photo_2023-03-06_10-52-25-scaled.jpg'><img loading=\"lazy\" decoding=\"async\" width=\"2560\" height=\"1647\" src=\"https:\/\/archive.sana.sy\/es\/wp-content\/uploads\/2023\/03\/photo_2023-03-06_10-52-25-scaled.jpg\" class=\"attachment-full size-full\" alt=\"\" srcset=\"https:\/\/archive.sana.sy\/es\/wp-content\/uploads\/2023\/03\/photo_2023-03-06_10-52-25-scaled.jpg 2560w, https:\/\/archive.sana.sy\/es\/wp-content\/uploads\/2023\/03\/photo_2023-03-06_10-52-25-300x193.jpg 300w, https:\/\/archive.sana.sy\/es\/wp-content\/uploads\/2023\/03\/photo_2023-03-06_10-52-25-1024x659.jpg 1024w, https:\/\/archive.sana.sy\/es\/wp-content\/uploads\/2023\/03\/photo_2023-03-06_10-52-25-150x97.jpg 150w, https:\/\/archive.sana.sy\/es\/wp-content\/uploads\/2023\/03\/photo_2023-03-06_10-52-25-768x494.jpg 768w, https:\/\/archive.sana.sy\/es\/wp-content\/uploads\/2023\/03\/photo_2023-03-06_10-52-25-1536x988.jpg 1536w, https:\/\/archive.sana.sy\/es\/wp-content\/uploads\/2023\/03\/photo_2023-03-06_10-52-25-2048x1318.jpg 2048w\" sizes=\"(max-width: 2560px) 100vw, 2560px\" \/><\/a>\n\t\t\t<\/div><\/figure><figure class='gallery-item'>\n\t\t\t<div class='gallery-icon landscape'>\n\t\t\t\t<a href='https:\/\/archive.sana.sy\/es\/wp-content\/uploads\/2023\/03\/photo_2023-03-06_10-58-10-scaled.jpg'><img loading=\"lazy\" decoding=\"async\" width=\"2560\" height=\"1497\" src=\"https:\/\/archive.sana.sy\/es\/wp-content\/uploads\/2023\/03\/photo_2023-03-06_10-58-10-scaled.jpg\" class=\"attachment-full size-full\" alt=\"\" srcset=\"https:\/\/archive.sana.sy\/es\/wp-content\/uploads\/2023\/03\/photo_2023-03-06_10-58-10-scaled.jpg 2560w, https:\/\/archive.sana.sy\/es\/wp-content\/uploads\/2023\/03\/photo_2023-03-06_10-58-10-300x175.jpg 300w, https:\/\/archive.sana.sy\/es\/wp-content\/uploads\/2023\/03\/photo_2023-03-06_10-58-10-1024x599.jpg 1024w, https:\/\/archive.sana.sy\/es\/wp-content\/uploads\/2023\/03\/photo_2023-03-06_10-58-10-150x88.jpg 150w, https:\/\/archive.sana.sy\/es\/wp-content\/uploads\/2023\/03\/photo_2023-03-06_10-58-10-768x449.jpg 768w, https:\/\/archive.sana.sy\/es\/wp-content\/uploads\/2023\/03\/photo_2023-03-06_10-58-10-1536x898.jpg 1536w, https:\/\/archive.sana.sy\/es\/wp-content\/uploads\/2023\/03\/photo_2023-03-06_10-58-10-2048x1198.jpg 2048w\" sizes=\"(max-width: 2560px) 100vw, 2560px\" \/><\/a>\n\t\t\t<\/div><\/figure><figure class='gallery-item'>\n\t\t\t<div class='gallery-icon landscape'>\n\t\t\t\t<a href='https:\/\/archive.sana.sy\/es\/wp-content\/uploads\/2023\/03\/photo_2023-03-06_10-58-33-scaled.jpg'><img loading=\"lazy\" decoding=\"async\" width=\"2560\" height=\"1565\" src=\"https:\/\/archive.sana.sy\/es\/wp-content\/uploads\/2023\/03\/photo_2023-03-06_10-58-33-scaled.jpg\" class=\"attachment-full size-full\" alt=\"\" srcset=\"https:\/\/archive.sana.sy\/es\/wp-content\/uploads\/2023\/03\/photo_2023-03-06_10-58-33-scaled.jpg 2560w, https:\/\/archive.sana.sy\/es\/wp-content\/uploads\/2023\/03\/photo_2023-03-06_10-58-33-300x183.jpg 300w, https:\/\/archive.sana.sy\/es\/wp-content\/uploads\/2023\/03\/photo_2023-03-06_10-58-33-1024x626.jpg 1024w, https:\/\/archive.sana.sy\/es\/wp-content\/uploads\/2023\/03\/photo_2023-03-06_10-58-33-150x92.jpg 150w, https:\/\/archive.sana.sy\/es\/wp-content\/uploads\/2023\/03\/photo_2023-03-06_10-58-33-768x470.jpg 768w, https:\/\/archive.sana.sy\/es\/wp-content\/uploads\/2023\/03\/photo_2023-03-06_10-58-33-1536x939.jpg 1536w, https:\/\/archive.sana.sy\/es\/wp-content\/uploads\/2023\/03\/photo_2023-03-06_10-58-33-2048x1252.jpg 2048w\" sizes=\"(max-width: 2560px) 100vw, 2560px\" \/><\/a>\n\t\t\t<\/div><\/figure><figure class='gallery-item'>\n\t\t\t<div class='gallery-icon landscape'>\n\t\t\t\t<a href='https:\/\/archive.sana.sy\/es\/wp-content\/uploads\/2023\/03\/photo_2023-03-06_10-58-43-scaled.jpg'><img loading=\"lazy\" decoding=\"async\" width=\"2560\" height=\"1697\" src=\"https:\/\/archive.sana.sy\/es\/wp-content\/uploads\/2023\/03\/photo_2023-03-06_10-58-43-scaled.jpg\" class=\"attachment-full size-full\" alt=\"\" srcset=\"https:\/\/archive.sana.sy\/es\/wp-content\/uploads\/2023\/03\/photo_2023-03-06_10-58-43-scaled.jpg 2560w, https:\/\/archive.sana.sy\/es\/wp-content\/uploads\/2023\/03\/photo_2023-03-06_10-58-43-300x199.jpg 300w, https:\/\/archive.sana.sy\/es\/wp-content\/uploads\/2023\/03\/photo_2023-03-06_10-58-43-1024x679.jpg 1024w, https:\/\/archive.sana.sy\/es\/wp-content\/uploads\/2023\/03\/photo_2023-03-06_10-58-43-150x99.jpg 150w, https:\/\/archive.sana.sy\/es\/wp-content\/uploads\/2023\/03\/photo_2023-03-06_10-58-43-768x509.jpg 768w, https:\/\/archive.sana.sy\/es\/wp-content\/uploads\/2023\/03\/photo_2023-03-06_10-58-43-1536x1018.jpg 1536w, https:\/\/archive.sana.sy\/es\/wp-content\/uploads\/2023\/03\/photo_2023-03-06_10-58-43-2048x1357.jpg 2048w, https:\/\/archive.sana.sy\/es\/wp-content\/uploads\/2023\/03\/photo_2023-03-06_10-58-43-310x205.jpg 310w\" sizes=\"(max-width: 2560px) 100vw, 2560px\" \/><\/a>\n\t\t\t<\/div><\/figure><figure class='gallery-item'>\n\t\t\t<div class='gallery-icon landscape'>\n\t\t\t\t<a href='https:\/\/archive.sana.sy\/es\/wp-content\/uploads\/2023\/03\/photo_2023-03-06_11-01-58-scaled.jpg'><img loading=\"lazy\" decoding=\"async\" width=\"2560\" height=\"1600\" src=\"https:\/\/archive.sana.sy\/es\/wp-content\/uploads\/2023\/03\/photo_2023-03-06_11-01-58-scaled.jpg\" class=\"attachment-full size-full\" alt=\"\" srcset=\"https:\/\/archive.sana.sy\/es\/wp-content\/uploads\/2023\/03\/photo_2023-03-06_11-01-58-scaled.jpg 2560w, https:\/\/archive.sana.sy\/es\/wp-content\/uploads\/2023\/03\/photo_2023-03-06_11-01-58-300x187.jpg 300w, https:\/\/archive.sana.sy\/es\/wp-content\/uploads\/2023\/03\/photo_2023-03-06_11-01-58-1024x640.jpg 1024w, https:\/\/archive.sana.sy\/es\/wp-content\/uploads\/2023\/03\/photo_2023-03-06_11-01-58-150x94.jpg 150w, https:\/\/archive.sana.sy\/es\/wp-content\/uploads\/2023\/03\/photo_2023-03-06_11-01-58-768x480.jpg 768w, https:\/\/archive.sana.sy\/es\/wp-content\/uploads\/2023\/03\/photo_2023-03-06_11-01-58-1536x960.jpg 1536w, https:\/\/archive.sana.sy\/es\/wp-content\/uploads\/2023\/03\/photo_2023-03-06_11-01-58-2048x1280.jpg 2048w\" sizes=\"(max-width: 2560px) 100vw, 2560px\" \/><\/a>\n\t\t\t<\/div><\/figure>\n\t\t<\/div>\n\n<p style=\"text-align: justify;\">ws\/fm<\/p>\n","protected":false},"excerpt":{"rendered":"<p>Esta iniciativa lanzada bajo el lema &#8220;Con Esperanza y Trabajo Seguimos Siendo Fuertes&#8221; incluye una serie de acciones y actividades recreativas, deportivas y art\u00edsticas para sacar a los ni\u00f1os y sus familias del estado de miedo, y ayudarlos continuar sus estudios sin presiones psicol\u00f3gicas. Latakia, 7 mar (SANA)\u00a0 Muchos ni\u00f1os sirios viven un estado de &hellip;<\/p>\n","protected":false},"author":35,"featured_media":290094,"comment_status":"closed","ping_status":"closed","sticky":false,"template":"","format":"standard","meta":{"footnotes":""},"categories":[597,510,20724,476,583],"tags":[],"class_list":["post-290093","post","type-post","status-publish","format-standard","has-post-thumbnail","","category-cinta-de-noticias","category-arte-y-cultura","category-minuto-a-minuto","category-locales","category-slide"],"_links":{"self":[{"href":"https:\/\/archive.sana.sy\/es\/index.php?rest_route=\/wp\/v2\/posts\/290093"}],"collection":[{"href":"https:\/\/archive.sana.sy\/es\/index.php?rest_route=\/wp\/v2\/posts"}],"about":[{"href":"https:\/\/archive.sana.sy\/es\/index.php?rest_route=\/wp\/v2\/types\/post"}],"author":[{"embeddable":true,"href":"https:\/\/archive.sana.sy\/es\/index.php?rest_route=\/wp\/v2\/users\/35"}],"replies":[{"embeddable":true,"href":"https:\/\/archive.sana.sy\/es\/index.php?rest_route=%2Fwp%2Fv2%2Fcomments&post=290093"}],"version-history":[{"count":0,"href":"https:\/\/archive.sana.sy\/es\/index.php?rest_route=\/wp\/v2\/posts\/290093\/revisions"}],"wp:featuredmedia":[{"embeddable":true,"href":"https:\/\/archive.sana.sy\/es\/index.php?rest_route=\/wp\/v2\/media\/290094"}],"wp:attachment":[{"href":"https:\/\/archive.sana.sy\/es\/index.php?rest_route=%2Fwp%2Fv2%2Fmedia&parent=290093"}],"wp:term":[{"taxonomy":"category","embeddable":true,"href":"https:\/\/archive.sana.sy\/es\/index.php?rest_route=%2Fwp%2Fv2%2Fcategories&post=290093"},{"taxonomy":"post_tag","embeddable":true,"href":"https:\/\/archive.sana.sy\/es\/index.php?rest_route=%2Fwp%2Fv2%2Ftags&post=290093"}],"curies":[{"name":"wp","href":"https:\/\/api.w.org\/{rel}","templated":true}]}}