{"id":290102,"date":"2023-03-07T12:41:21","date_gmt":"2023-03-07T09:41:21","guid":{"rendered":"https:\/\/sana.sy\/es\/?p=290102"},"modified":"2023-03-07T12:41:21","modified_gmt":"2023-03-07T09:41:21","slug":"iran-tacha-de-crimen-contra-la-humanidad-a-agresion-israeli-contra-aeropuerto-de-alepo","status":"publish","type":"post","link":"https:\/\/archive.sana.sy\/es\/?p=290102","title":{"rendered":"Ir\u00e1n tacha de crimen contra la humanidad a agresi\u00f3n israel\u00ed contra aeropuerto de Alepo"},"content":{"rendered":"<blockquote>\n<p style=\"text-align: justify;\"><span style=\"color: #800000;\">\u201cDesafortunadamente, algunos pa\u00edses occidentales y organizaciones de derechos humanos guardan silencio respecto a la continuaci\u00f3n de los ataques brutales e inhumanos de Israel contra Siria, y este silencio alienta a Israel a seguir violando los derechos humanos&#8221;<\/span><\/p>\n<\/blockquote>\n<p style=\"text-align: justify;\"><strong><span style=\"color: #800000;\">Teher\u00e1n, 7 mar (SANA)<\/span><\/strong> El portavoz del Ministerio de Relaciones Exteriores de Ir\u00e1n, Nasser Kanaani, conden\u00f3 hoy la agresi\u00f3n israel\u00ed que provoc\u00f3 hoy la salida del servicio del Aeropuerto Internacional de Alepo.<\/p>\n<p style=\"text-align: justify;\">\u201cMientras los afectados por los terremotos en Alepo atraviesen condiciones dif\u00edciles, Israel atac\u00f3 el aeropuerto de Alepo, que es la ruta principal para el ingreso de ayuda internacional&#8221;, afirm\u00f3 el vocero.<\/p>\n<p style=\"text-align: justify;\">Asegur\u00f3 que esta agresi\u00f3n es un claro ejemplo de un crimen de lesa humanidad, y llam\u00f3 a los organismos internacionales responsables a tomar acciones inmediatas y efectivas para detener estos cr\u00edmenes.<\/p>\n<p>\u201cDesafortunadamente, algunos pa\u00edses occidentales y organizaciones de derechos humanos guardan silencio respecto a la continuaci\u00f3n de los ataques brutales e inhumanos de Israel contra Siria, y este silencio alienta a Israel a seguir violando los derechos humanos&#8221;, afirm\u00f3.<\/p>\n<p>fm\/ws<\/p>\n","protected":false},"excerpt":{"rendered":"<p>\u201cDesafortunadamente, algunos pa\u00edses occidentales y organizaciones de derechos humanos guardan silencio respecto a la continuaci\u00f3n de los ataques brutales e inhumanos de Israel contra Siria, y este silencio alienta a Israel a seguir violando los derechos humanos&#8221; Teher\u00e1n, 7 mar (SANA) El portavoz del Ministerio de Relaciones Exteriores de Ir\u00e1n, Nasser Kanaani, conden\u00f3 hoy la &hellip;<\/p>\n","protected":false},"author":35,"featured_media":290103,"comment_status":"closed","ping_status":"closed","sticky":false,"template":"","format":"standard","meta":{"footnotes":""},"categories":[597,20724,467,7541],"tags":[],"class_list":["post-290102","post","type-post","status-publish","format-standard","has-post-thumbnail","","category-cinta-de-noticias","category-minuto-a-minuto","category-siria-y-el-mundo","category-ultimas-noticias"],"_links":{"self":[{"href":"https:\/\/archive.sana.sy\/es\/index.php?rest_route=\/wp\/v2\/posts\/290102"}],"collection":[{"href":"https:\/\/archive.sana.sy\/es\/index.php?rest_route=\/wp\/v2\/posts"}],"about":[{"href":"https:\/\/archive.sana.sy\/es\/index.php?rest_route=\/wp\/v2\/types\/post"}],"author":[{"embeddable":true,"href":"https:\/\/archive.sana.sy\/es\/index.php?rest_route=\/wp\/v2\/users\/35"}],"replies":[{"embeddable":true,"href":"https:\/\/archive.sana.sy\/es\/index.php?rest_route=%2Fwp%2Fv2%2Fcomments&post=290102"}],"version-history":[{"count":0,"href":"https:\/\/archive.sana.sy\/es\/index.php?rest_route=\/wp\/v2\/posts\/290102\/revisions"}],"wp:featuredmedia":[{"embeddable":true,"href":"https:\/\/archive.sana.sy\/es\/index.php?rest_route=\/wp\/v2\/media\/290103"}],"wp:attachment":[{"href":"https:\/\/archive.sana.sy\/es\/index.php?rest_route=%2Fwp%2Fv2%2Fmedia&parent=290102"}],"wp:term":[{"taxonomy":"category","embeddable":true,"href":"https:\/\/archive.sana.sy\/es\/index.php?rest_route=%2Fwp%2Fv2%2Fcategories&post=290102"},{"taxonomy":"post_tag","embeddable":true,"href":"https:\/\/archive.sana.sy\/es\/index.php?rest_route=%2Fwp%2Fv2%2Ftags&post=290102"}],"curies":[{"name":"wp","href":"https:\/\/api.w.org\/{rel}","templated":true}]}}