{"id":290109,"date":"2023-03-07T13:08:01","date_gmt":"2023-03-07T10:08:01","guid":{"rendered":"https:\/\/sana.sy\/es\/?p=290109"},"modified":"2023-03-07T13:08:01","modified_gmt":"2023-03-07T10:08:01","slug":"siria-condena-ataque-israeli-contra-aeropuerto-de-alepo-y-asegura-que-esta-agresion-refleja-la-barbarie-e-inhumanidad-de-israel-y-es-un-ejemplo-mas-de-sus-practicas-violaciones-mas-atroces-y-flagrante","status":"publish","type":"post","link":"https:\/\/archive.sana.sy\/es\/?p=290109","title":{"rendered":"Siria condena ataque israel\u00ed contra aeropuerto de Alepo y asegura que esta agresi\u00f3n refleja la barbarie e inhumanidad de Israel y es un ejemplo m\u00e1s de sus pr\u00e1cticas violaciones m\u00e1s atroces y flagrantes de la Ley Internacional, incluido el derecho internacional humanitario."},"content":{"rendered":"","protected":false},"excerpt":{"rendered":"","protected":false},"author":35,"featured_media":0,"comment_status":"closed","ping_status":"closed","sticky":false,"template":"","format":"standard","meta":{"footnotes":""},"categories":[596],"tags":[],"class_list":["post-290109","post","type-post","status-publish","format-standard","","category-urgente"],"_links":{"self":[{"href":"https:\/\/archive.sana.sy\/es\/index.php?rest_route=\/wp\/v2\/posts\/290109"}],"collection":[{"href":"https:\/\/archive.sana.sy\/es\/index.php?rest_route=\/wp\/v2\/posts"}],"about":[{"href":"https:\/\/archive.sana.sy\/es\/index.php?rest_route=\/wp\/v2\/types\/post"}],"author":[{"embeddable":true,"href":"https:\/\/archive.sana.sy\/es\/index.php?rest_route=\/wp\/v2\/users\/35"}],"replies":[{"embeddable":true,"href":"https:\/\/archive.sana.sy\/es\/index.php?rest_route=%2Fwp%2Fv2%2Fcomments&post=290109"}],"version-history":[{"count":0,"href":"https:\/\/archive.sana.sy\/es\/index.php?rest_route=\/wp\/v2\/posts\/290109\/revisions"}],"wp:attachment":[{"href":"https:\/\/archive.sana.sy\/es\/index.php?rest_route=%2Fwp%2Fv2%2Fmedia&parent=290109"}],"wp:term":[{"taxonomy":"category","embeddable":true,"href":"https:\/\/archive.sana.sy\/es\/index.php?rest_route=%2Fwp%2Fv2%2Fcategories&post=290109"},{"taxonomy":"post_tag","embeddable":true,"href":"https:\/\/archive.sana.sy\/es\/index.php?rest_route=%2Fwp%2Fv2%2Ftags&post=290109"}],"curies":[{"name":"wp","href":"https:\/\/api.w.org\/{rel}","templated":true}]}}