{"id":290111,"date":"2023-03-07T13:23:07","date_gmt":"2023-03-07T10:23:07","guid":{"rendered":"https:\/\/sana.sy\/es\/?p=290111"},"modified":"2023-03-07T13:23:07","modified_gmt":"2023-03-07T10:23:07","slug":"la-agresion-contra-alepo-refleja-la-barbarie-e-inhumanidad-de-israel-afirma-siria","status":"publish","type":"post","link":"https:\/\/archive.sana.sy\/es\/?p=290111","title":{"rendered":"La agresi\u00f3n contra Alepo refleja la barbarie e inhumanidad de Israel, afirma Siria"},"content":{"rendered":"<blockquote>\n<p style=\"text-align: justify;\"><span style=\"color: #800000;\">&#8220;Es un doble crimen, ya que apunt\u00f3 contra un aeropuerto civil por un lado, y por el otro, atac\u00f3 uno de los principales canales para la entrega de ayuda humanitaria desde dentro y fuera de Siria a las v\u00edctimas de los devastadores terremotos que azotaron Siria el 6 de febrero pasado&#8221;, afirm\u00f3 una declaraci\u00f3n de la Canciller\u00eda.<\/span><\/p>\n<\/blockquote>\n<p style=\"text-align: justify;\"><span style=\"color: #800000;\"><strong>Damasco, 7 mar (SANA)<\/strong><\/span> El Ministerio de Asuntos Exteriores y Expatriados conden\u00f3 hoy la agresi\u00f3n criminal cometida por &#8220;Israel&#8221; en horas de la madrugada de hoy contra el Aeropuerto Internacional de Alepo.<\/p>\n<p style=\"text-align: justify;\">&#8220;Es un doble crimen, ya que apunt\u00f3 contra un aeropuerto civil por un lado, y por el otro, atac\u00f3 uno de los principales canales para la entrega de ayuda humanitaria desde dentro y fuera de Siria a las v\u00edctimas de los devastadores terremotos que azotaron Siria el 6 de febrero pasado&#8221;, afirm\u00f3 una declaraci\u00f3n de la Canciller\u00eda.<\/p>\n<p style=\"text-align: justify;\">Asegura que esta agresi\u00f3n refleja la barbarie e inhumanidad de Israel y es un ejemplo m\u00e1s de sus pr\u00e1cticas violaciones m\u00e1s atroces y flagrantes de la Ley Internacional, incluido el derecho internacional humanitario.<\/p>\n<p style=\"text-align: justify;\">&#8220;Siria alerta a &#8220;Israel&#8221; de las consecuencias de seguir cometiendo estos cr\u00edmenes y llama a la comunidad internacional a condenarlos y trabajar para ponerles fin a los mismos&#8221;, afirm\u00f3 el texto.<\/p>\n<p style=\"text-align: justify;\">Asimismo, advirti\u00f3 de las amenazas y peligros de tales actos hostiles para la seguridad y la paz en la regi\u00f3n y el mundo.<\/p>\n","protected":false},"excerpt":{"rendered":"<p>&#8220;Es un doble crimen, ya que apunt\u00f3 contra un aeropuerto civil por un lado, y por el otro, atac\u00f3 uno de los principales canales para la entrega de ayuda humanitaria desde dentro y fuera de Siria a las v\u00edctimas de los devastadores terremotos que azotaron Siria el 6 de febrero pasado&#8221;, afirm\u00f3 una declaraci\u00f3n de &hellip;<\/p>\n","protected":false},"author":35,"featured_media":290112,"comment_status":"closed","ping_status":"closed","sticky":false,"template":"","format":"standard","meta":{"footnotes":""},"categories":[447,477,597,20724,583],"tags":[],"class_list":["post-290111","post","type-post","status-publish","format-standard","has-post-thumbnail","","category-local-politica","category-noticias-edulcorantes","category-cinta-de-noticias","category-minuto-a-minuto","category-slide"],"_links":{"self":[{"href":"https:\/\/archive.sana.sy\/es\/index.php?rest_route=\/wp\/v2\/posts\/290111"}],"collection":[{"href":"https:\/\/archive.sana.sy\/es\/index.php?rest_route=\/wp\/v2\/posts"}],"about":[{"href":"https:\/\/archive.sana.sy\/es\/index.php?rest_route=\/wp\/v2\/types\/post"}],"author":[{"embeddable":true,"href":"https:\/\/archive.sana.sy\/es\/index.php?rest_route=\/wp\/v2\/users\/35"}],"replies":[{"embeddable":true,"href":"https:\/\/archive.sana.sy\/es\/index.php?rest_route=%2Fwp%2Fv2%2Fcomments&post=290111"}],"version-history":[{"count":0,"href":"https:\/\/archive.sana.sy\/es\/index.php?rest_route=\/wp\/v2\/posts\/290111\/revisions"}],"wp:featuredmedia":[{"embeddable":true,"href":"https:\/\/archive.sana.sy\/es\/index.php?rest_route=\/wp\/v2\/media\/290112"}],"wp:attachment":[{"href":"https:\/\/archive.sana.sy\/es\/index.php?rest_route=%2Fwp%2Fv2%2Fmedia&parent=290111"}],"wp:term":[{"taxonomy":"category","embeddable":true,"href":"https:\/\/archive.sana.sy\/es\/index.php?rest_route=%2Fwp%2Fv2%2Fcategories&post=290111"},{"taxonomy":"post_tag","embeddable":true,"href":"https:\/\/archive.sana.sy\/es\/index.php?rest_route=%2Fwp%2Fv2%2Ftags&post=290111"}],"curies":[{"name":"wp","href":"https:\/\/api.w.org\/{rel}","templated":true}]}}