{"id":29013,"date":"2015-08-26T19:36:18","date_gmt":"2015-08-26T16:36:18","guid":{"rendered":"http:\/\/sana.sy\/es\/?p=29013"},"modified":"2015-08-26T19:36:18","modified_gmt":"2015-08-26T16:36:18","slug":"al-asir-acusado-por-crear-celulas-terroristas-e-incitar-ataques-contra-el-ejercito","status":"publish","type":"post","link":"https:\/\/archive.sana.sy\/es\/?p=29013","title":{"rendered":"Al Asir acusado por crear c\u00e9lulas terroristas e incitar ataques contra el Ej\u00e9rcito"},"content":{"rendered":"<p style=\"text-align: justify\"><span style=\"color: #800000\">Beirut, SANA<\/span><\/p>\n<p style=\"text-align: justify\">El delegado asociado del Gobierno, el juez Dany Zeenni, acus\u00f3 el Sheikh Ahmad al Asir por crear c\u00e9lulas terroristas en varias \u00e1reas en Sid\u00f3n y planificar el asesinato de figuras pol\u00edticas y religiosas e incitar ataques contra la instituci\u00f3n militar, el acusado fue referido ante el juez militar de primera instrucci\u00f3n.<\/p>\n<p style=\"text-align: justify\">Cabe se\u00f1alar que al-Asir es un cl\u00e9rigo que estaba pr\u00f3fugo desde hac\u00eda dos a\u00f1os, fue capturado por las fuerzas de seguridad poco antes de tomar un vuelo hacia Egipto.<\/p>\n<p style=\"text-align: justify\">El a\u00f1o pasado, un tribunal militar pidi\u00f3 la pena de muerte para al-Asir y 56 de sus seguidores, acusados de formar un grupo armado, matar a oficiales y soldados libaneses; y poseer material explosivo, as\u00ed como armas ligeras y pesadas.<\/p>\n<p>M.Miri<\/p>\n","protected":false},"excerpt":{"rendered":"<p>Beirut, SANA El delegado asociado del Gobierno, el juez Dany Zeenni, acus\u00f3 el Sheikh Ahmad al Asir por crear c\u00e9lulas terroristas en varias \u00e1reas en Sid\u00f3n y planificar el asesinato de figuras pol\u00edticas y religiosas e incitar ataques contra la instituci\u00f3n militar, el acusado fue referido ante el juez militar de primera instrucci\u00f3n. Cabe se\u00f1alar &hellip;<\/p>\n","protected":false},"author":1,"featured_media":29014,"comment_status":"closed","ping_status":"closed","sticky":false,"template":"","format":"standard","meta":{"footnotes":""},"categories":[1],"tags":[6417],"class_list":["post-29013","post","type-post","status-publish","format-standard","has-post-thumbnail","","category-news-not-sorted","tag-al-asir-acusado-por-crear-celulas-terroristas-e-incitar-ataques-contra-el-ejercito"],"_links":{"self":[{"href":"https:\/\/archive.sana.sy\/es\/index.php?rest_route=\/wp\/v2\/posts\/29013"}],"collection":[{"href":"https:\/\/archive.sana.sy\/es\/index.php?rest_route=\/wp\/v2\/posts"}],"about":[{"href":"https:\/\/archive.sana.sy\/es\/index.php?rest_route=\/wp\/v2\/types\/post"}],"author":[{"embeddable":true,"href":"https:\/\/archive.sana.sy\/es\/index.php?rest_route=\/wp\/v2\/users\/1"}],"replies":[{"embeddable":true,"href":"https:\/\/archive.sana.sy\/es\/index.php?rest_route=%2Fwp%2Fv2%2Fcomments&post=29013"}],"version-history":[{"count":0,"href":"https:\/\/archive.sana.sy\/es\/index.php?rest_route=\/wp\/v2\/posts\/29013\/revisions"}],"wp:featuredmedia":[{"embeddable":true,"href":"https:\/\/archive.sana.sy\/es\/index.php?rest_route=\/wp\/v2\/media\/29014"}],"wp:attachment":[{"href":"https:\/\/archive.sana.sy\/es\/index.php?rest_route=%2Fwp%2Fv2%2Fmedia&parent=29013"}],"wp:term":[{"taxonomy":"category","embeddable":true,"href":"https:\/\/archive.sana.sy\/es\/index.php?rest_route=%2Fwp%2Fv2%2Fcategories&post=29013"},{"taxonomy":"post_tag","embeddable":true,"href":"https:\/\/archive.sana.sy\/es\/index.php?rest_route=%2Fwp%2Fv2%2Ftags&post=29013"}],"curies":[{"name":"wp","href":"https:\/\/api.w.org\/{rel}","templated":true}]}}