{"id":290138,"date":"2023-03-07T18:24:20","date_gmt":"2023-03-07T15:24:20","guid":{"rendered":"https:\/\/sana.sy\/es\/?p=290138"},"modified":"2023-03-07T18:24:20","modified_gmt":"2023-03-07T15:24:20","slug":"activistas-convocan-a-manifestaciones-internacionales-en-protesta-por-las-medidas-unilaterales-contra-siria","status":"publish","type":"post","link":"https:\/\/archive.sana.sy\/es\/?p=290138","title":{"rendered":"Activistas convocan a manifestaciones internacionales en protesta por las medidas unilaterales contra Siria"},"content":{"rendered":"<p style=\"text-align: justify\"><span style=\"color: #800000\"><strong>Am\u00e1n, 07 mar (SANA)<\/strong><\/span> La campa\u00f1a \u201cLevanten el Bloqueo a Siria\u201d anunci\u00f3 que la batalla continuar\u00e1 contra las injustas medidas unilaterales impuestas por Estados Unidos y sus aliados europeos a Siria.<\/p>\n<p style=\"text-align: justify\">En un comunicado emitido este martes, la campa\u00f1a declar\u00f3 que su acci\u00f3n se extender\u00e1 a nuevas ciudades de Am\u00e9rica Latina y del mundo entero.<\/p>\n<p style=\"text-align: justify\">En este contexto dirigi\u00f3 un llamado a todos los dignos del mundo para unirse a ella el 18 del mes en curso y elevar su voz en manifestaciones simult\u00e1neas gritando \u201cDetengan el Asedio a Siria\u201d.<\/p>\n<p style=\"text-align: justify\">El 4 de este marzo, la campa\u00f1a lanz\u00f3 sus primeras actividades en 15 ciudades del mundo \u00e1rabe, de Europa y Am\u00e9rica del Norte, en protesta por las mal llamadas sanciones estadounidenses y occidentales aplicadas contra el pueblo sirio.<\/p>\n<p style=\"text-align: justify\">\nla<\/p>\n","protected":false},"excerpt":{"rendered":"<p>Am\u00e1n, 07 mar (SANA) La campa\u00f1a \u201cLevanten el Bloqueo a Siria\u201d anunci\u00f3 que la batalla continuar\u00e1 contra las injustas medidas unilaterales impuestas por Estados Unidos y sus aliados europeos a Siria. En un comunicado emitido este martes, la campa\u00f1a declar\u00f3 que su acci\u00f3n se extender\u00e1 a nuevas ciudades de Am\u00e9rica Latina y del mundo entero. &hellip;<\/p>\n","protected":false},"author":24,"featured_media":290139,"comment_status":"closed","ping_status":"closed","sticky":false,"template":"","format":"standard","meta":{"footnotes":""},"categories":[597,20724,448,467,7541],"tags":[21811,19807,21810,6553],"class_list":["post-290138","post","type-post","status-publish","format-standard","has-post-thumbnail","","category-cinta-de-noticias","category-minuto-a-minuto","category-noticias","category-siria-y-el-mundo","category-ultimas-noticias","tag-activistas","tag-bloqueo","tag-cese","tag-siria"],"_links":{"self":[{"href":"https:\/\/archive.sana.sy\/es\/index.php?rest_route=\/wp\/v2\/posts\/290138"}],"collection":[{"href":"https:\/\/archive.sana.sy\/es\/index.php?rest_route=\/wp\/v2\/posts"}],"about":[{"href":"https:\/\/archive.sana.sy\/es\/index.php?rest_route=\/wp\/v2\/types\/post"}],"author":[{"embeddable":true,"href":"https:\/\/archive.sana.sy\/es\/index.php?rest_route=\/wp\/v2\/users\/24"}],"replies":[{"embeddable":true,"href":"https:\/\/archive.sana.sy\/es\/index.php?rest_route=%2Fwp%2Fv2%2Fcomments&post=290138"}],"version-history":[{"count":0,"href":"https:\/\/archive.sana.sy\/es\/index.php?rest_route=\/wp\/v2\/posts\/290138\/revisions"}],"wp:featuredmedia":[{"embeddable":true,"href":"https:\/\/archive.sana.sy\/es\/index.php?rest_route=\/wp\/v2\/media\/290139"}],"wp:attachment":[{"href":"https:\/\/archive.sana.sy\/es\/index.php?rest_route=%2Fwp%2Fv2%2Fmedia&parent=290138"}],"wp:term":[{"taxonomy":"category","embeddable":true,"href":"https:\/\/archive.sana.sy\/es\/index.php?rest_route=%2Fwp%2Fv2%2Fcategories&post=290138"},{"taxonomy":"post_tag","embeddable":true,"href":"https:\/\/archive.sana.sy\/es\/index.php?rest_route=%2Fwp%2Fv2%2Ftags&post=290138"}],"curies":[{"name":"wp","href":"https:\/\/api.w.org\/{rel}","templated":true}]}}