{"id":290193,"date":"2023-03-08T10:47:41","date_gmt":"2023-03-08T07:47:41","guid":{"rendered":"http:\/\/107.6.182.27\/es\/?p=290193"},"modified":"2023-03-08T15:21:13","modified_gmt":"2023-03-08T12:21:13","slug":"muertos-y-heridos-por-estallido-de-mina-en-siria-fotos","status":"publish","type":"post","link":"https:\/\/archive.sana.sy\/es\/?p=290193","title":{"rendered":"Muertos y heridos por estallido de mina en Siria (+ fotos)"},"content":{"rendered":"<p style=\"text-align: justify;\"><span style=\"color: #800000;\"><strong>Deir Ezzor, 8 mar (SANA)<\/strong><\/span> Varias personas perdieron la vida hoy y otras resultaron heridas por la explosi\u00f3n de una mina remanente de los terroristas, en el barrio Al-Hamidieh en la ciudad de Deir Ezzor, cabecera de la provincia oriental del mismo nombre.<\/p>\n<p>El corresponsal de SANA inform\u00f3 que la explosi\u00f3n caus\u00f3 la muerte de tres personasy lesiones a otras siete.<\/p>\n<p style=\"text-align: justify;\"><strong>Nota en desarrollo&#8230;<\/strong><\/p>\n<div id='gallery-1' class='gallery galleryid-290193 gallery-columns-1 gallery-size-full'><figure class='gallery-item'>\n\t\t\t<div class='gallery-icon landscape'>\n\t\t\t\t<a href='https:\/\/archive.sana.sy\/es\/wp-content\/uploads\/2023\/03\/der112.jpg'><img loading=\"lazy\" decoding=\"async\" width=\"700\" height=\"394\" src=\"https:\/\/archive.sana.sy\/es\/wp-content\/uploads\/2023\/03\/der112.jpg\" class=\"attachment-full size-full\" alt=\"\" srcset=\"https:\/\/archive.sana.sy\/es\/wp-content\/uploads\/2023\/03\/der112.jpg 700w, https:\/\/archive.sana.sy\/es\/wp-content\/uploads\/2023\/03\/der112-300x169.jpg 300w, https:\/\/archive.sana.sy\/es\/wp-content\/uploads\/2023\/03\/der112-150x84.jpg 150w\" sizes=\"(max-width: 700px) 100vw, 700px\" \/><\/a>\n\t\t\t<\/div><\/figure><figure class='gallery-item'>\n\t\t\t<div class='gallery-icon landscape'>\n\t\t\t\t<a href='https:\/\/archive.sana.sy\/es\/wp-content\/uploads\/2023\/03\/ser113.jpg'><img loading=\"lazy\" decoding=\"async\" width=\"700\" height=\"421\" src=\"https:\/\/archive.sana.sy\/es\/wp-content\/uploads\/2023\/03\/ser113.jpg\" class=\"attachment-full size-full\" alt=\"\" srcset=\"https:\/\/archive.sana.sy\/es\/wp-content\/uploads\/2023\/03\/ser113.jpg 700w, https:\/\/archive.sana.sy\/es\/wp-content\/uploads\/2023\/03\/ser113-300x180.jpg 300w, https:\/\/archive.sana.sy\/es\/wp-content\/uploads\/2023\/03\/ser113-150x90.jpg 150w\" sizes=\"(max-width: 700px) 100vw, 700px\" \/><\/a>\n\t\t\t<\/div><\/figure>\n\t\t<\/div>\n\n<p style=\"text-align: justify;\">fm\/as<\/p>\n","protected":false},"excerpt":{"rendered":"<p>Deir Ezzor, 8 mar (SANA) Varias personas perdieron la vida hoy y otras resultaron heridas por la explosi\u00f3n de una mina remanente de los terroristas, en el barrio Al-Hamidieh en la ciudad de Deir Ezzor, cabecera de la provincia oriental del mismo nombre. El corresponsal de SANA inform\u00f3 que la explosi\u00f3n caus\u00f3 la muerte de &hellip;<\/p>\n","protected":false},"author":42,"featured_media":290196,"comment_status":"closed","ping_status":"closed","sticky":false,"template":"","format":"standard","meta":{"footnotes":""},"categories":[597,20724,16688],"tags":[],"class_list":["post-290193","post","type-post","status-publish","format-standard","has-post-thumbnail","","category-cinta-de-noticias","category-minuto-a-minuto","category-nacionales"],"_links":{"self":[{"href":"https:\/\/archive.sana.sy\/es\/index.php?rest_route=\/wp\/v2\/posts\/290193"}],"collection":[{"href":"https:\/\/archive.sana.sy\/es\/index.php?rest_route=\/wp\/v2\/posts"}],"about":[{"href":"https:\/\/archive.sana.sy\/es\/index.php?rest_route=\/wp\/v2\/types\/post"}],"author":[{"embeddable":true,"href":"https:\/\/archive.sana.sy\/es\/index.php?rest_route=\/wp\/v2\/users\/42"}],"replies":[{"embeddable":true,"href":"https:\/\/archive.sana.sy\/es\/index.php?rest_route=%2Fwp%2Fv2%2Fcomments&post=290193"}],"version-history":[{"count":0,"href":"https:\/\/archive.sana.sy\/es\/index.php?rest_route=\/wp\/v2\/posts\/290193\/revisions"}],"wp:featuredmedia":[{"embeddable":true,"href":"https:\/\/archive.sana.sy\/es\/index.php?rest_route=\/wp\/v2\/media\/290196"}],"wp:attachment":[{"href":"https:\/\/archive.sana.sy\/es\/index.php?rest_route=%2Fwp%2Fv2%2Fmedia&parent=290193"}],"wp:term":[{"taxonomy":"category","embeddable":true,"href":"https:\/\/archive.sana.sy\/es\/index.php?rest_route=%2Fwp%2Fv2%2Fcategories&post=290193"},{"taxonomy":"post_tag","embeddable":true,"href":"https:\/\/archive.sana.sy\/es\/index.php?rest_route=%2Fwp%2Fv2%2Ftags&post=290193"}],"curies":[{"name":"wp","href":"https:\/\/api.w.org\/{rel}","templated":true}]}}