{"id":29021,"date":"2015-08-26T21:25:49","date_gmt":"2015-08-26T18:25:49","guid":{"rendered":"http:\/\/sana.sy\/es\/?p=29021"},"modified":"2015-08-26T21:25:49","modified_gmt":"2015-08-26T18:25:49","slug":"afjam-la-iniciativa-irani-modificada-para-la-paz-en-siria-esta-en-su-etapa-final","status":"publish","type":"post","link":"https:\/\/archive.sana.sy\/es\/?p=29021","title":{"rendered":"Afjam: la iniciativa iran\u00ed modificada para la paz en Siria est\u00e1 en su etapa final"},"content":{"rendered":"<p><span style=\"color: #800000\">Teher\u00e1n, SANA<\/span><\/p>\n<p style=\"text-align: justify\">La portavoz de la Canciller\u00eda de Ir\u00e1n, Marzie Afjam, dijo el mi\u00e9rcoles que la iniciativa modificada de Ir\u00e1n para resolver la crisis en Siria se encuentra actualmente en su \u00faltima fase de finalizaci\u00f3n.<\/p>\n<p style=\"text-align: justify\">&#8220;Desde el estallido de la crisis en Siria, hemos propuesto una iniciativa basada en la voluntad y las aspiraciones leg\u00edtimas del pueblo sirio para determinar su futuro por s\u00ed mismo, estamos consultando y dialogando ahora con todas las partes sobre la iniciativa con el fin de concluirla &#8220;, dijo Afjam en un comunicado.<\/p>\n<p style=\"text-align: justify\">Afjam a\u00f1adi\u00f3 que cualquier iniciativa que respecta todo el pueblo sirio, no tendr\u00e1 ning\u00fan efecto, afirmando que se est\u00e1 discutiendo la iniciativa iran\u00ed y cuando se haya completado, Teher\u00e1n facilitar\u00e1 m\u00e1s informaci\u00f3n al respecto.<\/p>\n<p>M.Miri<\/p>\n","protected":false},"excerpt":{"rendered":"<p>Teher\u00e1n, SANA La portavoz de la Canciller\u00eda de Ir\u00e1n, Marzie Afjam, dijo el mi\u00e9rcoles que la iniciativa modificada de Ir\u00e1n para resolver la crisis en Siria se encuentra actualmente en su \u00faltima fase de finalizaci\u00f3n. &#8220;Desde el estallido de la crisis en Siria, hemos propuesto una iniciativa basada en la voluntad y las aspiraciones leg\u00edtimas &hellip;<\/p>\n","protected":false},"author":1,"featured_media":29022,"comment_status":"closed","ping_status":"closed","sticky":false,"template":"","format":"standard","meta":{"footnotes":""},"categories":[456,457,576],"tags":[6419],"class_list":["post-29021","post","type-post","status-publish","format-standard","has-post-thumbnail","","category-arabe-internacional-politica","category-noticias-arabe-internacional-politica","category-noticias-politicas","tag-afjam-la-iniciativa-irani-modificada-para-la-paz-en-siria-esta-en-su-etapa-final"],"_links":{"self":[{"href":"https:\/\/archive.sana.sy\/es\/index.php?rest_route=\/wp\/v2\/posts\/29021"}],"collection":[{"href":"https:\/\/archive.sana.sy\/es\/index.php?rest_route=\/wp\/v2\/posts"}],"about":[{"href":"https:\/\/archive.sana.sy\/es\/index.php?rest_route=\/wp\/v2\/types\/post"}],"author":[{"embeddable":true,"href":"https:\/\/archive.sana.sy\/es\/index.php?rest_route=\/wp\/v2\/users\/1"}],"replies":[{"embeddable":true,"href":"https:\/\/archive.sana.sy\/es\/index.php?rest_route=%2Fwp%2Fv2%2Fcomments&post=29021"}],"version-history":[{"count":0,"href":"https:\/\/archive.sana.sy\/es\/index.php?rest_route=\/wp\/v2\/posts\/29021\/revisions"}],"wp:featuredmedia":[{"embeddable":true,"href":"https:\/\/archive.sana.sy\/es\/index.php?rest_route=\/wp\/v2\/media\/29022"}],"wp:attachment":[{"href":"https:\/\/archive.sana.sy\/es\/index.php?rest_route=%2Fwp%2Fv2%2Fmedia&parent=29021"}],"wp:term":[{"taxonomy":"category","embeddable":true,"href":"https:\/\/archive.sana.sy\/es\/index.php?rest_route=%2Fwp%2Fv2%2Fcategories&post=29021"},{"taxonomy":"post_tag","embeddable":true,"href":"https:\/\/archive.sana.sy\/es\/index.php?rest_route=%2Fwp%2Fv2%2Ftags&post=29021"}],"curies":[{"name":"wp","href":"https:\/\/api.w.org\/{rel}","templated":true}]}}