{"id":290288,"date":"2023-03-08T22:11:08","date_gmt":"2023-03-08T19:11:08","guid":{"rendered":"https:\/\/sana.sy\/es\/?p=290288"},"modified":"2023-03-08T22:16:55","modified_gmt":"2023-03-08T19:16:55","slug":"continuan-masivas-protestas-georgia","status":"publish","type":"post","link":"https:\/\/archive.sana.sy\/es\/?p=290288","title":{"rendered":"Contin\u00faan masivas protestas en Georgia"},"content":{"rendered":"<p style=\"text-align: justify;\"><span style=\"color: #800000;\"><strong>Tbilisi, 08 mar (SANA)\u00a0<\/strong> <\/span>En la capital georgiana, Tbilisi, comienza la segunda jornada de protestas contra la ley de agentes extranjeros, que pretende restringir las actividades de organizaciones financiadas con fondos de otros pa\u00edses y puede poner en riesgo las aspiraciones del pa\u00eds a una mayor integraci\u00f3n con Europa.<\/p>\n<p style=\"text-align: justify;\">Seg\u00fan informaron medios locales, m\u00e1s de 10.000 personas tomaron parte en la concentraci\u00f3n de este mi\u00e9rcoles para protestar contra la referida ley.<\/p>\n<p style=\"text-align: justify;\">La concentraci\u00f3n se reanud\u00f3 despu\u00e9s de que la Polic\u00eda antidisturbios dispersara durante la noche del martes a los manifestantes usando ca\u00f1ones de agua y gases lacrim\u00f3genos, luego de que irrumpieran en el edificio del \u00f3rgano legislativo.<\/p>\n<p style=\"text-align: justify;\">El Ministerio del Interior de Georgia declar\u00f3 que 66 personas fueron detenidas en la manifestaci\u00f3n y 50 polic\u00edas resultaron heridos durante los disturbios.<\/p>\n<p style=\"text-align: justify;\">sm\/mm<\/p>\n","protected":false},"excerpt":{"rendered":"<p>Tbilisi, 08 mar (SANA)\u00a0 En la capital georgiana, Tbilisi, comienza la segunda jornada de protestas contra la ley de agentes extranjeros, que pretende restringir las actividades de organizaciones financiadas con fondos de otros pa\u00edses y puede poner en riesgo las aspiraciones del pa\u00eds a una mayor integraci\u00f3n con Europa. Seg\u00fan informaron medios locales, m\u00e1s de &hellip;<\/p>\n","protected":false},"author":39,"featured_media":290289,"comment_status":"closed","ping_status":"closed","sticky":false,"template":"","format":"standard","meta":{"footnotes":""},"categories":[597,456,16687,20724,7541],"tags":[],"class_list":["post-290288","post","type-post","status-publish","format-standard","has-post-thumbnail","","category-cinta-de-noticias","category-arabe-internacional-politica","category-internacionales","category-minuto-a-minuto","category-ultimas-noticias"],"_links":{"self":[{"href":"https:\/\/archive.sana.sy\/es\/index.php?rest_route=\/wp\/v2\/posts\/290288"}],"collection":[{"href":"https:\/\/archive.sana.sy\/es\/index.php?rest_route=\/wp\/v2\/posts"}],"about":[{"href":"https:\/\/archive.sana.sy\/es\/index.php?rest_route=\/wp\/v2\/types\/post"}],"author":[{"embeddable":true,"href":"https:\/\/archive.sana.sy\/es\/index.php?rest_route=\/wp\/v2\/users\/39"}],"replies":[{"embeddable":true,"href":"https:\/\/archive.sana.sy\/es\/index.php?rest_route=%2Fwp%2Fv2%2Fcomments&post=290288"}],"version-history":[{"count":0,"href":"https:\/\/archive.sana.sy\/es\/index.php?rest_route=\/wp\/v2\/posts\/290288\/revisions"}],"wp:featuredmedia":[{"embeddable":true,"href":"https:\/\/archive.sana.sy\/es\/index.php?rest_route=\/wp\/v2\/media\/290289"}],"wp:attachment":[{"href":"https:\/\/archive.sana.sy\/es\/index.php?rest_route=%2Fwp%2Fv2%2Fmedia&parent=290288"}],"wp:term":[{"taxonomy":"category","embeddable":true,"href":"https:\/\/archive.sana.sy\/es\/index.php?rest_route=%2Fwp%2Fv2%2Fcategories&post=290288"},{"taxonomy":"post_tag","embeddable":true,"href":"https:\/\/archive.sana.sy\/es\/index.php?rest_route=%2Fwp%2Fv2%2Ftags&post=290288"}],"curies":[{"name":"wp","href":"https:\/\/api.w.org\/{rel}","templated":true}]}}