{"id":290319,"date":"2023-03-09T11:48:25","date_gmt":"2023-03-09T08:48:25","guid":{"rendered":"http:\/\/107.6.182.27\/es\/?p=290319"},"modified":"2023-03-09T13:03:26","modified_gmt":"2023-03-09T10:03:26","slug":"israel-mato-desde-inicios-de-ano-a-74-palestinos-incluidos-13-ninos-y-mujeres","status":"publish","type":"post","link":"https:\/\/archive.sana.sy\/es\/?p=290319","title":{"rendered":"&#8220;Israel&#8221; mat\u00f3 desde inicios de a\u00f1o a 74 palestinos, incluidos 13 ni\u00f1os y mujeres"},"content":{"rendered":"<blockquote>\n<p style=\"text-align: justify;\"><span style=\"color: #993300;\">Seg\u00fan reportes del Ministerio de Salud palestino, 27 murieron en Jenin, 18 en Naplusa y 7 en Hebr\u00f3n, mientras que seis palestinos fueron masacrados en Jerusal\u00e9n y cinco en Jeric\u00f3 y el Valle del Jord\u00e1n, tres en Qalqilya.<\/span><\/p>\n<\/blockquote>\n<p style=\"text-align: justify;\"><span style=\"color: #800000;\"><strong>Jerusal\u00e9n ocupada, 09 mar (SANA)<\/strong><\/span>\u00a0 El n\u00famero de palestinos asesinados por las fuerzas de ocupaci\u00f3n israel\u00edes desde principios de a\u00f1o, lleg\u00f3 a 74, incluidos 13 ni\u00f1os y una mujer.<\/p>\n<p style=\"text-align: justify;\">Seg\u00fan reportes del Ministerio de Salud palestino, 27 murieron en Jenin, 18 en Naplusa y 7 en Hebr\u00f3n, mientras que seis palestinos fueron masacrados en Jerusal\u00e9n y cinco en Jeric\u00f3 y el Valle del Jord\u00e1n, tres en Qalqilya.<\/p>\n<p style=\"text-align: justify;\">Agreg\u00f3 que otros dos paletsinos perdieron la vida por disparos israel\u00edes en Ramallah y Al-Bireh, dos en Gaza, dos en Bel\u00e9n, uno en Salfit y otro en Tubas.<\/p>\n<p style=\"text-align: justify;\">En otras tempranas de la ma\u00f1ana de hoy, cuatro j\u00f3venes palestinos murieron cuando los militares israel\u00edes abrieron el fuego de sus armas en su contra en Jenin.<\/p>\n<p style=\"text-align: justify;\">La v\u00edspera, las tropas sionistas cometieron una masacre en Jenin que cobr\u00f3 la vida de seis palestinos.<\/p>\n<p style=\"text-align: justify;\">as\/fm<\/p>\n","protected":false},"excerpt":{"rendered":"<p>Seg\u00fan reportes del Ministerio de Salud palestino, 27 murieron en Jenin, 18 en Naplusa y 7 en Hebr\u00f3n, mientras que seis palestinos fueron masacrados en Jerusal\u00e9n y cinco en Jeric\u00f3 y el Valle del Jord\u00e1n, tres en Qalqilya. Jerusal\u00e9n ocupada, 09 mar (SANA)\u00a0 El n\u00famero de palestinos asesinados por las fuerzas de ocupaci\u00f3n israel\u00edes desde &hellip;<\/p>\n","protected":false},"author":42,"featured_media":290320,"comment_status":"closed","ping_status":"closed","sticky":false,"template":"","format":"standard","meta":{"footnotes":""},"categories":[597,456,16687,20724,583],"tags":[],"class_list":["post-290319","post","type-post","status-publish","format-standard","has-post-thumbnail","","category-cinta-de-noticias","category-arabe-internacional-politica","category-internacionales","category-minuto-a-minuto","category-slide"],"_links":{"self":[{"href":"https:\/\/archive.sana.sy\/es\/index.php?rest_route=\/wp\/v2\/posts\/290319"}],"collection":[{"href":"https:\/\/archive.sana.sy\/es\/index.php?rest_route=\/wp\/v2\/posts"}],"about":[{"href":"https:\/\/archive.sana.sy\/es\/index.php?rest_route=\/wp\/v2\/types\/post"}],"author":[{"embeddable":true,"href":"https:\/\/archive.sana.sy\/es\/index.php?rest_route=\/wp\/v2\/users\/42"}],"replies":[{"embeddable":true,"href":"https:\/\/archive.sana.sy\/es\/index.php?rest_route=%2Fwp%2Fv2%2Fcomments&post=290319"}],"version-history":[{"count":0,"href":"https:\/\/archive.sana.sy\/es\/index.php?rest_route=\/wp\/v2\/posts\/290319\/revisions"}],"wp:featuredmedia":[{"embeddable":true,"href":"https:\/\/archive.sana.sy\/es\/index.php?rest_route=\/wp\/v2\/media\/290320"}],"wp:attachment":[{"href":"https:\/\/archive.sana.sy\/es\/index.php?rest_route=%2Fwp%2Fv2%2Fmedia&parent=290319"}],"wp:term":[{"taxonomy":"category","embeddable":true,"href":"https:\/\/archive.sana.sy\/es\/index.php?rest_route=%2Fwp%2Fv2%2Fcategories&post=290319"},{"taxonomy":"post_tag","embeddable":true,"href":"https:\/\/archive.sana.sy\/es\/index.php?rest_route=%2Fwp%2Fv2%2Ftags&post=290319"}],"curies":[{"name":"wp","href":"https:\/\/api.w.org\/{rel}","templated":true}]}}