{"id":290322,"date":"2023-03-09T11:57:37","date_gmt":"2023-03-09T08:57:37","guid":{"rendered":"https:\/\/sana.sy\/es\/?p=290322"},"modified":"2023-03-09T11:57:37","modified_gmt":"2023-03-09T08:57:37","slug":"medvedev-tacha-de-estupida-la-narrativa-estadounidense-sobre-las-explosiones-de-los-nord-stream","status":"publish","type":"post","link":"https:\/\/archive.sana.sy\/es\/?p=290322","title":{"rendered":"Medvedev tacha de est\u00fapida la narrativa estadounidense sobre las explosiones de los Nord Stream"},"content":{"rendered":"<blockquote>\n<p style=\"text-align: justify;\"><span style=\"color: #993300;\">\u201cLos creadores de esta mentira son malo y su narrativa es aburrida y se puede considerar como una est\u00fapida propaganda estadounidense que nadie cree, incluidos los europeos\u201d, escribi\u00f3 Medvedev en su canal de telegram.<\/span><\/p>\n<\/blockquote>\n<p style=\"text-align: justify;\"><span style=\"color: #800000;\"><strong>Mosc\u00fa, 09 mar (SANA)<\/strong><\/span>\u00a0 El vicepresidente del Consejo de Seguridad de Rusia, Dmitry Medvedev, consider\u00f3 que la versi\u00f3n de Washington sobre las explosiones de los dos gasoductos Nord Stream I y II es una est\u00fapida propaganda estadounidense.<\/p>\n<p style=\"text-align: justify;\">El comentario de Medvedev responde a las alegaciones de Washington de que las explosiones fueron perpetradas por un grupo pro-ucraniano.<\/p>\n<p style=\"text-align: justify;\">\u201cLos creadores de esta mentira son malo y su narrativa es aburrida y se puede considerar como una est\u00fapida propaganda estadounidense que nadie cree, incluidos los europeos\u201d, escribi\u00f3 Medvedev en su canal de telegram.<\/p>\n<p style=\"text-align: justify;\">El periodista estadounidense Seymour Hersh confirm\u00f3 que Estados Unidos fue el autor del atentado contra los gasoductos rusos Nord Stream 1 y Nord Stream 2 en el Mar B\u00e1ltico, en septiembre del a\u00f1o pasado.<\/p>\n<p style=\"text-align: justify;\">ed\/fm<\/p>\n","protected":false},"excerpt":{"rendered":"<p>\u201cLos creadores de esta mentira son malo y su narrativa es aburrida y se puede considerar como una est\u00fapida propaganda estadounidense que nadie cree, incluidos los europeos\u201d, escribi\u00f3 Medvedev en su canal de telegram. Mosc\u00fa, 09 mar (SANA)\u00a0 El vicepresidente del Consejo de Seguridad de Rusia, Dmitry Medvedev, consider\u00f3 que la versi\u00f3n de Washington sobre &hellip;<\/p>\n","protected":false},"author":32,"featured_media":290323,"comment_status":"closed","ping_status":"closed","sticky":false,"template":"","format":"standard","meta":{"footnotes":""},"categories":[597,456,16687,7541],"tags":[],"class_list":["post-290322","post","type-post","status-publish","format-standard","has-post-thumbnail","","category-cinta-de-noticias","category-arabe-internacional-politica","category-internacionales","category-ultimas-noticias"],"_links":{"self":[{"href":"https:\/\/archive.sana.sy\/es\/index.php?rest_route=\/wp\/v2\/posts\/290322"}],"collection":[{"href":"https:\/\/archive.sana.sy\/es\/index.php?rest_route=\/wp\/v2\/posts"}],"about":[{"href":"https:\/\/archive.sana.sy\/es\/index.php?rest_route=\/wp\/v2\/types\/post"}],"author":[{"embeddable":true,"href":"https:\/\/archive.sana.sy\/es\/index.php?rest_route=\/wp\/v2\/users\/32"}],"replies":[{"embeddable":true,"href":"https:\/\/archive.sana.sy\/es\/index.php?rest_route=%2Fwp%2Fv2%2Fcomments&post=290322"}],"version-history":[{"count":0,"href":"https:\/\/archive.sana.sy\/es\/index.php?rest_route=\/wp\/v2\/posts\/290322\/revisions"}],"wp:featuredmedia":[{"embeddable":true,"href":"https:\/\/archive.sana.sy\/es\/index.php?rest_route=\/wp\/v2\/media\/290323"}],"wp:attachment":[{"href":"https:\/\/archive.sana.sy\/es\/index.php?rest_route=%2Fwp%2Fv2%2Fmedia&parent=290322"}],"wp:term":[{"taxonomy":"category","embeddable":true,"href":"https:\/\/archive.sana.sy\/es\/index.php?rest_route=%2Fwp%2Fv2%2Fcategories&post=290322"},{"taxonomy":"post_tag","embeddable":true,"href":"https:\/\/archive.sana.sy\/es\/index.php?rest_route=%2Fwp%2Fv2%2Ftags&post=290322"}],"curies":[{"name":"wp","href":"https:\/\/api.w.org\/{rel}","templated":true}]}}