{"id":290325,"date":"2023-03-09T12:09:51","date_gmt":"2023-03-09T09:09:51","guid":{"rendered":"https:\/\/sana.sy\/es\/?p=290325"},"modified":"2023-03-09T12:09:51","modified_gmt":"2023-03-09T09:09:51","slug":"redadas-israelies-dejan-cuatro-palestinos-muertos-y-otros-heridos-en-cisjordania","status":"publish","type":"post","link":"https:\/\/archive.sana.sy\/es\/?p=290325","title":{"rendered":"Redadas israel\u00edes dejan cuatro palestinos muertos y otros heridos en Cisjordania"},"content":{"rendered":"<blockquote>\n<p style=\"text-align: justify;\"><span style=\"color: #800000;\">Seg\u00fan informaron medios palestinos, las tropas israel\u00edes incursionaron en la ciudad de Yen\u00edn, donde sus francotiradores tomaron posiciones en los tejados y dispararon contra tres j\u00f3venes dentro de su autom\u00f3vil lo que caus\u00f3 su muerte.<\/span><\/p>\n<\/blockquote>\n<p style=\"text-align: justify;\"><strong><span style=\"color: #800000;\">Jerusal\u00e9n Ocupado, 8 mar (SANA)\u00a0<\/span> <\/strong>Cuatro palestinos murieron este jueves y otros resultaron heridos por disparos de las fuerzas de ocupaci\u00f3n israel\u00ed, durante una redada militar contra distintas partes en Cisjordana.<\/p>\n<p style=\"text-align: justify;\">Seg\u00fan informaron medios palestinos, las tropas israel\u00edes incursionaron en la ciudad de Yen\u00edn, donde sus francotiradores tomaron posiciones en los tejados y dispararon contra tres j\u00f3venes dentro de su autom\u00f3vil lo que caus\u00f3 su muerte.<\/p>\n<p style=\"text-align: justify;\">Mientras tanto, otro palestino fue lesionado y ocho arrestados por los militares del ej\u00e9rcito israel\u00ed quienes allanaron varios barrios en las ciudades Hebr\u00f3n, Yen\u00edn, Naplusa, Ramallah y Jerusal\u00e9n.<\/p>\n<p style=\"text-align: justify;\">Este episodio estuvo precedido por una redada semejante ocurrida el martes, cuando las tropas israel\u00edes entraron en el campamento Yen\u00edn y mataron a seis palestinos, incluido un ni\u00f1o de 14 a\u00f1os, adem\u00e1s de decenas resultaron heridos.<\/p>\n<p style=\"text-align: justify;\">ws\/fm<\/p>\n","protected":false},"excerpt":{"rendered":"<p>Seg\u00fan informaron medios palestinos, las tropas israel\u00edes incursionaron en la ciudad de Yen\u00edn, donde sus francotiradores tomaron posiciones en los tejados y dispararon contra tres j\u00f3venes dentro de su autom\u00f3vil lo que caus\u00f3 su muerte. Jerusal\u00e9n Ocupado, 8 mar (SANA)\u00a0 Cuatro palestinos murieron este jueves y otros resultaron heridos por disparos de las fuerzas de &hellip;<\/p>\n","protected":false},"author":35,"featured_media":290326,"comment_status":"closed","ping_status":"closed","sticky":false,"template":"","format":"standard","meta":{"footnotes":""},"categories":[597,456,16687,20724,7541],"tags":[],"class_list":["post-290325","post","type-post","status-publish","format-standard","has-post-thumbnail","","category-cinta-de-noticias","category-arabe-internacional-politica","category-internacionales","category-minuto-a-minuto","category-ultimas-noticias"],"_links":{"self":[{"href":"https:\/\/archive.sana.sy\/es\/index.php?rest_route=\/wp\/v2\/posts\/290325"}],"collection":[{"href":"https:\/\/archive.sana.sy\/es\/index.php?rest_route=\/wp\/v2\/posts"}],"about":[{"href":"https:\/\/archive.sana.sy\/es\/index.php?rest_route=\/wp\/v2\/types\/post"}],"author":[{"embeddable":true,"href":"https:\/\/archive.sana.sy\/es\/index.php?rest_route=\/wp\/v2\/users\/35"}],"replies":[{"embeddable":true,"href":"https:\/\/archive.sana.sy\/es\/index.php?rest_route=%2Fwp%2Fv2%2Fcomments&post=290325"}],"version-history":[{"count":0,"href":"https:\/\/archive.sana.sy\/es\/index.php?rest_route=\/wp\/v2\/posts\/290325\/revisions"}],"wp:featuredmedia":[{"embeddable":true,"href":"https:\/\/archive.sana.sy\/es\/index.php?rest_route=\/wp\/v2\/media\/290326"}],"wp:attachment":[{"href":"https:\/\/archive.sana.sy\/es\/index.php?rest_route=%2Fwp%2Fv2%2Fmedia&parent=290325"}],"wp:term":[{"taxonomy":"category","embeddable":true,"href":"https:\/\/archive.sana.sy\/es\/index.php?rest_route=%2Fwp%2Fv2%2Fcategories&post=290325"},{"taxonomy":"post_tag","embeddable":true,"href":"https:\/\/archive.sana.sy\/es\/index.php?rest_route=%2Fwp%2Fv2%2Ftags&post=290325"}],"curies":[{"name":"wp","href":"https:\/\/api.w.org\/{rel}","templated":true}]}}