{"id":290328,"date":"2023-03-09T12:35:44","date_gmt":"2023-03-09T09:35:44","guid":{"rendered":"https:\/\/sana.sy\/es\/?p=290328"},"modified":"2023-03-09T17:56:14","modified_gmt":"2023-03-09T14:56:14","slug":"canciller-de-siria-recibe-al-alto-comisionado-de-acnur","status":"publish","type":"post","link":"https:\/\/archive.sana.sy\/es\/?p=290328","title":{"rendered":"Canciller de Siria recibe al Alto Comisionado de ACNUR"},"content":{"rendered":"<p style=\"text-align: justify;\"><span style=\"color: #800000;\"><strong>\u00a0Damasco, 9 mar (SANA)<\/strong><\/span>\u00a0 \u00a0El ministro de Asuntos Exteriores y Expatriados, Faisal Al-Mekdad, recibi\u00f3 hoy en la sede de la Canciller\u00eda en esta capital, al alto comisionado de las Naciones Unidas para los Refugiados (ACNUR), Filippo Grandi, y la delegaci\u00f3n acompa\u00f1ante.<\/p>\n<p style=\"text-align: justify;\">Durante la reuni\u00f3n, Al-Mekdad destac\u00f3 la importancia de la cooperaci\u00f3n existente con ACNUR y los organismos de las Naciones Unidas y sus oficinas que operan en Siria en aras de superar los efectos del terremoto.<\/p>\n<p style=\"text-align: justify;\">Tambi\u00e9n denunci\u00f3 el impacto de las medidas coercitivas unilaterales impuestas por Occidente y EE. UU. a Siria.<\/p>\n<p style=\"text-align: justify;\">Reiter\u00f3 que el impacto de estas sanciones recae principalmente en la gente com\u00fan, y esto es lo que ha enfrentado Siria durante la crisis del terremoto.<\/p>\n<p style=\"text-align: justify;\">Por su parte, el Alto Comisionado expres\u00f3 su agradecimiento por la cooperaci\u00f3n del gobierno sirio con ACNUR, y subray\u00f3 la importancia de coordinar la acci\u00f3n entre ACNUR y las distintas partes gubernamentales involucradas.<\/p>\n<p style=\"text-align: justify;\">Grandi destac\u00f3 la necesidad de integrar los esfuerzos de socorro.<\/p>\n<p style=\"text-align: justify;\">fm\/ed<\/p>\n","protected":false},"excerpt":{"rendered":"<p>\u00a0Damasco, 9 mar (SANA)\u00a0 \u00a0El ministro de Asuntos Exteriores y Expatriados, Faisal Al-Mekdad, recibi\u00f3 hoy en la sede de la Canciller\u00eda en esta capital, al alto comisionado de las Naciones Unidas para los Refugiados (ACNUR), Filippo Grandi, y la delegaci\u00f3n acompa\u00f1ante. Durante la reuni\u00f3n, Al-Mekdad destac\u00f3 la importancia de la cooperaci\u00f3n existente con ACNUR y &hellip;<\/p>\n","protected":false},"author":32,"featured_media":290329,"comment_status":"closed","ping_status":"closed","sticky":false,"template":"","format":"standard","meta":{"footnotes":""},"categories":[597,20724,476,7541],"tags":[],"class_list":["post-290328","post","type-post","status-publish","format-standard","has-post-thumbnail","","category-cinta-de-noticias","category-minuto-a-minuto","category-locales","category-ultimas-noticias"],"_links":{"self":[{"href":"https:\/\/archive.sana.sy\/es\/index.php?rest_route=\/wp\/v2\/posts\/290328"}],"collection":[{"href":"https:\/\/archive.sana.sy\/es\/index.php?rest_route=\/wp\/v2\/posts"}],"about":[{"href":"https:\/\/archive.sana.sy\/es\/index.php?rest_route=\/wp\/v2\/types\/post"}],"author":[{"embeddable":true,"href":"https:\/\/archive.sana.sy\/es\/index.php?rest_route=\/wp\/v2\/users\/32"}],"replies":[{"embeddable":true,"href":"https:\/\/archive.sana.sy\/es\/index.php?rest_route=%2Fwp%2Fv2%2Fcomments&post=290328"}],"version-history":[{"count":0,"href":"https:\/\/archive.sana.sy\/es\/index.php?rest_route=\/wp\/v2\/posts\/290328\/revisions"}],"wp:featuredmedia":[{"embeddable":true,"href":"https:\/\/archive.sana.sy\/es\/index.php?rest_route=\/wp\/v2\/media\/290329"}],"wp:attachment":[{"href":"https:\/\/archive.sana.sy\/es\/index.php?rest_route=%2Fwp%2Fv2%2Fmedia&parent=290328"}],"wp:term":[{"taxonomy":"category","embeddable":true,"href":"https:\/\/archive.sana.sy\/es\/index.php?rest_route=%2Fwp%2Fv2%2Fcategories&post=290328"},{"taxonomy":"post_tag","embeddable":true,"href":"https:\/\/archive.sana.sy\/es\/index.php?rest_route=%2Fwp%2Fv2%2Ftags&post=290328"}],"curies":[{"name":"wp","href":"https:\/\/api.w.org\/{rel}","templated":true}]}}