{"id":29034,"date":"2015-08-27T12:37:43","date_gmt":"2015-08-27T09:37:43","guid":{"rendered":"http:\/\/sana.sy\/es\/?p=29034"},"modified":"2015-08-27T12:37:43","modified_gmt":"2015-08-27T09:37:43","slug":"hrw-denuncia-uso-de-riad-a-bombas-de-racimo-contra-yemen","status":"publish","type":"post","link":"https:\/\/archive.sana.sy\/es\/?p=29034","title":{"rendered":"HRW denuncia uso de Riad a bombas de racimo contra Yemen"},"content":{"rendered":"<p><span style=\"color: #800000\">Ginebra, SANA<\/span><\/p>\n<p>La organizaci\u00f3n Human Right Watch confirm\u00f3 este jueves el uso de bombas de racimo en Yemen por parte de Arabia Saud\u00ed.<\/p>\n<p>Seg\u00fan el informe del HRW, el Ej\u00e9rcito saud\u00ed us\u00f3 en al menos siete ocasiones bombas de racimo estadounidenses en los cohetes M-26, tambi\u00e9n producidos en EE.UU., lanzados desde plataformas de artiller\u00eda m\u00f3viles.<\/p>\n<p>Seg\u00fan HRW, dichos ataques tuvieron lugar entre los meses de abril y julio en la provincia noroccidental de Hajjah y dejaron decenas de muertos y heridos, en su mayor\u00eda civiles.<\/p>\n<p>Tanto las evidencias como los testigos locales en Yemen han confirmado el uso de este tipo de municiones, cuyo uso est\u00e1 prohibido bajo las normativas internacionales, en el territorio yemen\u00ed por parte de Arabia Saud\u00ed y sus aliados.<\/p>\n<p><span style=\"color: #00ccff\">Fady M., Hala B<\/span><\/p>\n","protected":false},"excerpt":{"rendered":"<p>Ginebra, SANA La organizaci\u00f3n Human Right Watch confirm\u00f3 este jueves el uso de bombas de racimo en Yemen por parte de Arabia Saud\u00ed. Seg\u00fan el informe del HRW, el Ej\u00e9rcito saud\u00ed us\u00f3 en al menos siete ocasiones bombas de racimo estadounidenses en los cohetes M-26, tambi\u00e9n producidos en EE.UU., lanzados desde plataformas de artiller\u00eda m\u00f3viles. &hellip;<\/p>\n","protected":false},"author":1,"featured_media":29035,"comment_status":"closed","ping_status":"closed","sticky":false,"template":"","format":"standard","meta":{"footnotes":""},"categories":[456,457,576],"tags":[6422],"class_list":["post-29034","post","type-post","status-publish","format-standard","has-post-thumbnail","","category-arabe-internacional-politica","category-noticias-arabe-internacional-politica","category-noticias-politicas","tag-hrw-denuncia-uso-de-riad-a-bombas-de-racimo-contra-yemen"],"_links":{"self":[{"href":"https:\/\/archive.sana.sy\/es\/index.php?rest_route=\/wp\/v2\/posts\/29034"}],"collection":[{"href":"https:\/\/archive.sana.sy\/es\/index.php?rest_route=\/wp\/v2\/posts"}],"about":[{"href":"https:\/\/archive.sana.sy\/es\/index.php?rest_route=\/wp\/v2\/types\/post"}],"author":[{"embeddable":true,"href":"https:\/\/archive.sana.sy\/es\/index.php?rest_route=\/wp\/v2\/users\/1"}],"replies":[{"embeddable":true,"href":"https:\/\/archive.sana.sy\/es\/index.php?rest_route=%2Fwp%2Fv2%2Fcomments&post=29034"}],"version-history":[{"count":0,"href":"https:\/\/archive.sana.sy\/es\/index.php?rest_route=\/wp\/v2\/posts\/29034\/revisions"}],"wp:featuredmedia":[{"embeddable":true,"href":"https:\/\/archive.sana.sy\/es\/index.php?rest_route=\/wp\/v2\/media\/29035"}],"wp:attachment":[{"href":"https:\/\/archive.sana.sy\/es\/index.php?rest_route=%2Fwp%2Fv2%2Fmedia&parent=29034"}],"wp:term":[{"taxonomy":"category","embeddable":true,"href":"https:\/\/archive.sana.sy\/es\/index.php?rest_route=%2Fwp%2Fv2%2Fcategories&post=29034"},{"taxonomy":"post_tag","embeddable":true,"href":"https:\/\/archive.sana.sy\/es\/index.php?rest_route=%2Fwp%2Fv2%2Ftags&post=29034"}],"curies":[{"name":"wp","href":"https:\/\/api.w.org\/{rel}","templated":true}]}}