{"id":290346,"date":"2023-03-09T15:03:35","date_gmt":"2023-03-09T12:03:35","guid":{"rendered":"https:\/\/sana.sy\/es\/?p=290346"},"modified":"2023-03-09T18:54:28","modified_gmt":"2023-03-09T15:54:28","slug":"canciller-de-iran-llega-a-siria-y-visita-ciudad-afectada-por-terremoto","status":"publish","type":"post","link":"https:\/\/archive.sana.sy\/es\/?p=290346","title":{"rendered":"Canciller de Ir\u00e1n llega a Siria y visita ciudad afectada por terremoto"},"content":{"rendered":"<p style=\"text-align: justify;\"><span style=\"color: #800000;\"><strong>Latakia, 9 mar (SANA)<\/strong><\/span> El ministro de Relaciones Exteriores de Ir\u00e1n, Hossein Amir Abdullahian, lleg\u00f3 hoy a la provincia costera siria de Latakia donde visit\u00f3 varios sitios afectados por los terremotos.<\/p>\n<p style=\"text-align: justify;\">El canciller iran\u00ed estuvo en la ciudad de Jableh, donde visit\u00f3 los centros donde se alojan las familias que quedaron sin hogar a consecuencia de este desastre natural.<\/p>\n<p style=\"text-align: justify;\">El ministro de Relaciones Exteriores de Ir\u00e1n, Hossein Amir Abdullahian, lleg\u00f3 hoy a la provincia costera siria de Latakia donde visit\u00f3 varios sitios afectados por los terremotos.<\/p>\n<p style=\"text-align: justify;\">El canciller iran\u00ed estuvo en la ciudad de Jableh, donde visit\u00f3 los centros donde se alojan las familias que quedaron sin hogar a consecuencia de este desastre natural.<\/p>\n<p style=\"text-align: justify;\">En declaraciones a los periodistas, Abdullahian explic\u00f3 que su visita a la gobernaci\u00f3n de Latakia ten\u00eda como objetivo ofrecer simpat\u00eda al pueblo sirio por las v\u00edctimas del terremoto, as\u00ed como expresar que la Rep\u00fablica Isl\u00e1mica de Ir\u00e1n fue y seguir\u00e1 apoyando al pueblo sirio.<\/p>\n<p style=\"text-align: justify;\">A su vez, el gobernador de Latakia, Amer Ismail Hilal, expres\u00f3 su agradecimiento al ministro Abdullahian y su delegaci\u00f3n acompa\u00f1ante por su sincera simpat\u00eda por las v\u00edctimas del terremoto.<\/p>\n<p style=\"text-align: justify;\">fm\/ed<\/p>\n","protected":false},"excerpt":{"rendered":"<p>Latakia, 9 mar (SANA) El ministro de Relaciones Exteriores de Ir\u00e1n, Hossein Amir Abdullahian, lleg\u00f3 hoy a la provincia costera siria de Latakia donde visit\u00f3 varios sitios afectados por los terremotos. El canciller iran\u00ed estuvo en la ciudad de Jableh, donde visit\u00f3 los centros donde se alojan las familias que quedaron sin hogar a consecuencia &hellip;<\/p>\n","protected":false},"author":32,"featured_media":290347,"comment_status":"closed","ping_status":"closed","sticky":false,"template":"","format":"standard","meta":{"footnotes":""},"categories":[477,597,476,7541],"tags":[21823],"class_list":["post-290346","post","type-post","status-publish","format-standard","has-post-thumbnail","","category-noticias-edulcorantes","category-cinta-de-noticias","category-locales","category-ultimas-noticias","tag-ministro-de-relaciones-exteriores-de-iran-hossein-amir-abdullahian"],"_links":{"self":[{"href":"https:\/\/archive.sana.sy\/es\/index.php?rest_route=\/wp\/v2\/posts\/290346"}],"collection":[{"href":"https:\/\/archive.sana.sy\/es\/index.php?rest_route=\/wp\/v2\/posts"}],"about":[{"href":"https:\/\/archive.sana.sy\/es\/index.php?rest_route=\/wp\/v2\/types\/post"}],"author":[{"embeddable":true,"href":"https:\/\/archive.sana.sy\/es\/index.php?rest_route=\/wp\/v2\/users\/32"}],"replies":[{"embeddable":true,"href":"https:\/\/archive.sana.sy\/es\/index.php?rest_route=%2Fwp%2Fv2%2Fcomments&post=290346"}],"version-history":[{"count":0,"href":"https:\/\/archive.sana.sy\/es\/index.php?rest_route=\/wp\/v2\/posts\/290346\/revisions"}],"wp:featuredmedia":[{"embeddable":true,"href":"https:\/\/archive.sana.sy\/es\/index.php?rest_route=\/wp\/v2\/media\/290347"}],"wp:attachment":[{"href":"https:\/\/archive.sana.sy\/es\/index.php?rest_route=%2Fwp%2Fv2%2Fmedia&parent=290346"}],"wp:term":[{"taxonomy":"category","embeddable":true,"href":"https:\/\/archive.sana.sy\/es\/index.php?rest_route=%2Fwp%2Fv2%2Fcategories&post=290346"},{"taxonomy":"post_tag","embeddable":true,"href":"https:\/\/archive.sana.sy\/es\/index.php?rest_route=%2Fwp%2Fv2%2Ftags&post=290346"}],"curies":[{"name":"wp","href":"https:\/\/api.w.org\/{rel}","templated":true}]}}