{"id":290349,"date":"2023-03-09T16:28:17","date_gmt":"2023-03-09T13:28:17","guid":{"rendered":"https:\/\/sana.sy\/es\/?p=290349"},"modified":"2023-03-09T16:28:17","modified_gmt":"2023-03-09T13:28:17","slug":"aeropuerto-internacional-de-alepo-vuelve-a-operar","status":"publish","type":"post","link":"https:\/\/archive.sana.sy\/es\/?p=290349","title":{"rendered":"Aeropuerto Internacional de Alepo vuelve a operar"},"content":{"rendered":"<blockquote>\n<p style=\"text-align: justify;\"><span style=\"color: #993300;\">\u00a0Tras reparar los da\u00f1os causados por la agresi\u00f3n israel\u00ed, se reanuda el tr\u00e1fico a\u00e9reo a trav\u00e9s del Aeropuerto Internacional de Alepo a partir de este viernes, 10 de marzo.<\/span><\/p>\n<\/blockquote>\n<p style=\"text-align: justify;\"><strong><span style=\"color: #800000;\">Damasco, 9 mar (SANA)<\/span>\u00a0<\/strong> \u00a0El Ministerio de Transporte de Siria anunci\u00f3 hoy la reanudaci\u00f3n del tr\u00e1fico a\u00e9reo a trav\u00e9s del Aeropuerto Internacional de Alepo a partir de este viernes, 10 de marzo.<\/p>\n<p style=\"text-align: justify;\">Por medio de un comunicado, el Ministerio indic\u00f3 que los cuadros de la Empresa Estatal de Aviaci\u00f3n Civil, en cooperaci\u00f3n con otras empresas nacionales, lograron reparar los da\u00f1os causados por la agresi\u00f3n israel\u00ed ocurrida la madrugada del martes \u00faltimo.<\/p>\n<p style=\"text-align: justify;\">El Ministerio hizo un llamado a las compa\u00f1\u00edas a\u00e9reas que operan a trav\u00e9s del aeropuerto para que reprogramen sus vuelos entrantes y salientes.<\/p>\n<p style=\"text-align: justify;\">El aeropuerto recibir\u00e1 tambi\u00e9n aviones con ayuda humanitaria para los afectados por los terremotos las 24 horas del d\u00eda.<\/p>\n<p style=\"text-align: justify;\">fm\/ed<\/p>\n","protected":false},"excerpt":{"rendered":"<p>\u00a0Tras reparar los da\u00f1os causados por la agresi\u00f3n israel\u00ed, se reanuda el tr\u00e1fico a\u00e9reo a trav\u00e9s del Aeropuerto Internacional de Alepo a partir de este viernes, 10 de marzo. Damasco, 9 mar (SANA)\u00a0 \u00a0El Ministerio de Transporte de Siria anunci\u00f3 hoy la reanudaci\u00f3n del tr\u00e1fico a\u00e9reo a trav\u00e9s del Aeropuerto Internacional de Alepo a partir &hellip;<\/p>\n","protected":false},"author":34,"featured_media":290350,"comment_status":"closed","ping_status":"closed","sticky":false,"template":"","format":"standard","meta":{"footnotes":""},"categories":[477,597,476,583],"tags":[],"class_list":["post-290349","post","type-post","status-publish","format-standard","has-post-thumbnail","","category-noticias-edulcorantes","category-cinta-de-noticias","category-locales","category-slide"],"_links":{"self":[{"href":"https:\/\/archive.sana.sy\/es\/index.php?rest_route=\/wp\/v2\/posts\/290349"}],"collection":[{"href":"https:\/\/archive.sana.sy\/es\/index.php?rest_route=\/wp\/v2\/posts"}],"about":[{"href":"https:\/\/archive.sana.sy\/es\/index.php?rest_route=\/wp\/v2\/types\/post"}],"author":[{"embeddable":true,"href":"https:\/\/archive.sana.sy\/es\/index.php?rest_route=\/wp\/v2\/users\/34"}],"replies":[{"embeddable":true,"href":"https:\/\/archive.sana.sy\/es\/index.php?rest_route=%2Fwp%2Fv2%2Fcomments&post=290349"}],"version-history":[{"count":0,"href":"https:\/\/archive.sana.sy\/es\/index.php?rest_route=\/wp\/v2\/posts\/290349\/revisions"}],"wp:featuredmedia":[{"embeddable":true,"href":"https:\/\/archive.sana.sy\/es\/index.php?rest_route=\/wp\/v2\/media\/290350"}],"wp:attachment":[{"href":"https:\/\/archive.sana.sy\/es\/index.php?rest_route=%2Fwp%2Fv2%2Fmedia&parent=290349"}],"wp:term":[{"taxonomy":"category","embeddable":true,"href":"https:\/\/archive.sana.sy\/es\/index.php?rest_route=%2Fwp%2Fv2%2Fcategories&post=290349"},{"taxonomy":"post_tag","embeddable":true,"href":"https:\/\/archive.sana.sy\/es\/index.php?rest_route=%2Fwp%2Fv2%2Ftags&post=290349"}],"curies":[{"name":"wp","href":"https:\/\/api.w.org\/{rel}","templated":true}]}}