{"id":290352,"date":"2023-03-09T16:42:32","date_gmt":"2023-03-09T13:42:32","guid":{"rendered":"http:\/\/107.6.182.27\/es\/?p=290352"},"modified":"2023-03-09T17:00:06","modified_gmt":"2023-03-09T14:00:06","slug":"lavrov-aboga-por-levantar-sanciones-occidentales-contra-siria","status":"publish","type":"post","link":"https:\/\/archive.sana.sy\/es\/?p=290352","title":{"rendered":"Lavrov aboga por levantar sanciones occidentales contra Siria"},"content":{"rendered":"<blockquote>\n<p style=\"text-align: justify;\"><span style=\"color: #993300;\">Es necesario preservar la unidad y la integridad territorial de Siria y apoyar los esfuerzos encaminados a lograr una soluci\u00f3n pol\u00edtica de su crisis<\/span><\/p>\n<\/blockquote>\n<p style=\"text-align: justify;\"><span style=\"color: #800000;\"><strong>Mosc\u00fa, 09 mar (SANA)\u00a0<\/strong><\/span> El ministro de Asuntos Exteriores de Rusia, Sergu\u00e9i Lavrov, subray\u00f3 la importancia de conservar la unidad y la integridad territorial de Siria, y consider\u00f3 necesario levantar las medidas coercitivas occidentales impuestas por Occidente, especialmente en las dif\u00edciles circunstancias generadas por el terremoto.<\/p>\n<p style=\"text-align: justify;\">\u201cApoyamos los esfuerzos encaminados a lograr una soluci\u00f3n pol\u00edtica de la crisis siria\u201d, dijo Lavrov durante una rueda de prensa celebrada hoy en Mosc\u00fa con su hom\u00f3logo saud\u00ed, Faisal bin Farhan.<\/p>\n<p style=\"text-align: justify;\">Asimismo, se\u00f1al\u00f3 que las conversaciones con la parte saud\u00ed se centraron en las necesidades humanitarias provocadas por el terremoto que azot\u00f3 Siria el 6 del pasado mes de febrero.<\/p>\n<p style=\"text-align: justify;\">Adem\u00e1s, el jefe de la diplomacia rusa indic\u00f3 que su pa\u00eds continuar\u00e1 apoyando al pueblo sirio y llama al levantamiento de las medidas coercitivas occidentales tomadas contra Damasco.<\/p>\n<p style=\"text-align: justify;\">ed\/sm\/fm<\/p>\n","protected":false},"excerpt":{"rendered":"<p>Es necesario preservar la unidad y la integridad territorial de Siria y apoyar los esfuerzos encaminados a lograr una soluci\u00f3n pol\u00edtica de su crisis Mosc\u00fa, 09 mar (SANA)\u00a0 El ministro de Asuntos Exteriores de Rusia, Sergu\u00e9i Lavrov, subray\u00f3 la importancia de conservar la unidad y la integridad territorial de Siria, y consider\u00f3 necesario levantar las &hellip;<\/p>\n","protected":false},"author":32,"featured_media":290353,"comment_status":"closed","ping_status":"closed","sticky":false,"template":"","format":"standard","meta":{"footnotes":""},"categories":[597,467,7541],"tags":[],"class_list":["post-290352","post","type-post","status-publish","format-standard","has-post-thumbnail","","category-cinta-de-noticias","category-siria-y-el-mundo","category-ultimas-noticias"],"_links":{"self":[{"href":"https:\/\/archive.sana.sy\/es\/index.php?rest_route=\/wp\/v2\/posts\/290352"}],"collection":[{"href":"https:\/\/archive.sana.sy\/es\/index.php?rest_route=\/wp\/v2\/posts"}],"about":[{"href":"https:\/\/archive.sana.sy\/es\/index.php?rest_route=\/wp\/v2\/types\/post"}],"author":[{"embeddable":true,"href":"https:\/\/archive.sana.sy\/es\/index.php?rest_route=\/wp\/v2\/users\/32"}],"replies":[{"embeddable":true,"href":"https:\/\/archive.sana.sy\/es\/index.php?rest_route=%2Fwp%2Fv2%2Fcomments&post=290352"}],"version-history":[{"count":0,"href":"https:\/\/archive.sana.sy\/es\/index.php?rest_route=\/wp\/v2\/posts\/290352\/revisions"}],"wp:featuredmedia":[{"embeddable":true,"href":"https:\/\/archive.sana.sy\/es\/index.php?rest_route=\/wp\/v2\/media\/290353"}],"wp:attachment":[{"href":"https:\/\/archive.sana.sy\/es\/index.php?rest_route=%2Fwp%2Fv2%2Fmedia&parent=290352"}],"wp:term":[{"taxonomy":"category","embeddable":true,"href":"https:\/\/archive.sana.sy\/es\/index.php?rest_route=%2Fwp%2Fv2%2Fcategories&post=290352"},{"taxonomy":"post_tag","embeddable":true,"href":"https:\/\/archive.sana.sy\/es\/index.php?rest_route=%2Fwp%2Fv2%2Ftags&post=290352"}],"curies":[{"name":"wp","href":"https:\/\/api.w.org\/{rel}","templated":true}]}}