{"id":290370,"date":"2023-03-09T17:33:17","date_gmt":"2023-03-09T14:33:17","guid":{"rendered":"https:\/\/sana.sy\/es\/?p=290370"},"modified":"2023-03-09T17:33:17","modified_gmt":"2023-03-09T14:33:17","slug":"al-assad-recibe-a-grandi-y-afirma-que-la-guerra-dificulto-la-respuesta-a-secuelas-del-terremoto","status":"publish","type":"post","link":"https:\/\/archive.sana.sy\/es\/?p=290370","title":{"rendered":"Al-Assad recibe a Grandi y afirma que la guerra dificult\u00f3 la respuesta a secuelas del terremoto"},"content":{"rendered":"<blockquote>\n<p style=\"text-align: justify;\"><em><span style=\"color: #800000;\"><strong>Es importante mirar a los efectos de los terremotos y la guerra en Siria desde una visi\u00f3n integral, ya que las secuelas de la guerra dificultaron llevar a cabo una respuesta adecuada a las repercusiones del terremoto, dijo el mandatario.<\/strong><\/span><\/em><\/p>\n<\/blockquote>\n<p style=\"text-align: justify;\">Damasco, 9 mar (SANA) El presidente sirio Bashar Al-Assad, recibi\u00f3 hoy a Filippo Grandi, el alto comisionado de las Naciones Unidas para los Refugiados (ACNUR).<\/p>\n<p style=\"text-align: justify;\">Es importante mirar a los efectos de los terremotos y la guerra en Siria desde una visi\u00f3n integral, ya que las secuelas de la guerra dificultaron llevar a cabo una respuesta adecuada a las repercusiones del terremoto, dijo el mandatario.<\/p>\n<p style=\"text-align: justify;\">Subray\u00f3 la importancia de la cooperaci\u00f3n entre el gobierno sirio y las agencias no gubernamentales y organismos internacionales que operan sobre el terreno.<\/p>\n<p style=\"text-align: justify;\">Hay que coordinar los esfuerzos y las capacidades para la transici\u00f3n de la respuesta de emergencia a la fase de recuperaci\u00f3n temprana, para lograr que los afectados retornen a la normalidad, asegur\u00f3 Al-Assad.<\/p>\n<p style=\"text-align: justify;\">Al-Assad y Grandi abordaron tambi\u00e9n las medidas necesarias para el regreso de los refugiados sirios a sus ciudades.<br \/>\nA su vez, el funcionario de la ONU dijo que Acnur intensificar\u00e1 su trabajo y esfuerzos en Siria para apoyar la respuesta humanitaria emprendida por el Estado sirio ante el desastre del terremoto y los grandes da\u00f1os humanos y materiales que dej\u00f3.<\/p>\n<p style=\"text-align: justify;\">Durante mi visita a las gobernaciones de Latakia y Hama, percib\u00ed los grandes esfuerzos del gobierno sirio y las organizaciones para ayudar y brindar alivio a los afectados por el terremoto, manifest\u00f3.<\/p>\n<p style=\"text-align: justify;\"><img loading=\"lazy\" decoding=\"async\" class=\"wp-image-290372 size-full aligncenter\" src=\"http:\/\/sana.sy\/es\/wp-content\/uploads\/2023\/03\/Al-Assad-recibe-Grandi-afirma-la-guerra-dificulto-respuesta-a-secuelas-terremoto2.jpeg\" alt=\"\" width=\"660\" height=\"512\" srcset=\"https:\/\/archive.sana.sy\/es\/wp-content\/uploads\/2023\/03\/Al-Assad-recibe-Grandi-afirma-la-guerra-dificulto-respuesta-a-secuelas-terremoto2.jpeg 660w, https:\/\/archive.sana.sy\/es\/wp-content\/uploads\/2023\/03\/Al-Assad-recibe-Grandi-afirma-la-guerra-dificulto-respuesta-a-secuelas-terremoto2-300x233.jpeg 300w, https:\/\/archive.sana.sy\/es\/wp-content\/uploads\/2023\/03\/Al-Assad-recibe-Grandi-afirma-la-guerra-dificulto-respuesta-a-secuelas-terremoto2-150x116.jpeg 150w\" sizes=\"(max-width: 660px) 100vw, 660px\" \/><\/p>\n<p style=\"text-align: justify;\">fm\/sm<\/p>\n","protected":false},"excerpt":{"rendered":"<p>Es importante mirar a los efectos de los terremotos y la guerra en Siria desde una visi\u00f3n integral, ya que las secuelas de la guerra dificultaron llevar a cabo una respuesta adecuada a las repercusiones del terremoto, dijo el mandatario. Damasco, 9 mar (SANA) El presidente sirio Bashar Al-Assad, recibi\u00f3 hoy a Filippo Grandi, el &hellip;<\/p>\n","protected":false},"author":39,"featured_media":290371,"comment_status":"closed","ping_status":"closed","sticky":false,"template":"","format":"standard","meta":{"footnotes":""},"categories":[597,16237,467,583,626],"tags":[],"class_list":["post-290370","post","type-post","status-publish","format-standard","has-post-thumbnail","","category-cinta-de-noticias","category-presidence-de-la-republique-arabe-syria","category-siria-y-el-mundo","category-slide","category-sr-presidente"],"_links":{"self":[{"href":"https:\/\/archive.sana.sy\/es\/index.php?rest_route=\/wp\/v2\/posts\/290370"}],"collection":[{"href":"https:\/\/archive.sana.sy\/es\/index.php?rest_route=\/wp\/v2\/posts"}],"about":[{"href":"https:\/\/archive.sana.sy\/es\/index.php?rest_route=\/wp\/v2\/types\/post"}],"author":[{"embeddable":true,"href":"https:\/\/archive.sana.sy\/es\/index.php?rest_route=\/wp\/v2\/users\/39"}],"replies":[{"embeddable":true,"href":"https:\/\/archive.sana.sy\/es\/index.php?rest_route=%2Fwp%2Fv2%2Fcomments&post=290370"}],"version-history":[{"count":0,"href":"https:\/\/archive.sana.sy\/es\/index.php?rest_route=\/wp\/v2\/posts\/290370\/revisions"}],"wp:featuredmedia":[{"embeddable":true,"href":"https:\/\/archive.sana.sy\/es\/index.php?rest_route=\/wp\/v2\/media\/290371"}],"wp:attachment":[{"href":"https:\/\/archive.sana.sy\/es\/index.php?rest_route=%2Fwp%2Fv2%2Fmedia&parent=290370"}],"wp:term":[{"taxonomy":"category","embeddable":true,"href":"https:\/\/archive.sana.sy\/es\/index.php?rest_route=%2Fwp%2Fv2%2Fcategories&post=290370"},{"taxonomy":"post_tag","embeddable":true,"href":"https:\/\/archive.sana.sy\/es\/index.php?rest_route=%2Fwp%2Fv2%2Ftags&post=290370"}],"curies":[{"name":"wp","href":"https:\/\/api.w.org\/{rel}","templated":true}]}}