{"id":290374,"date":"2023-03-09T17:30:32","date_gmt":"2023-03-09T14:30:32","guid":{"rendered":"https:\/\/sana.sy\/es\/?p=290374"},"modified":"2023-03-09T17:56:29","modified_gmt":"2023-03-09T14:56:29","slug":"ataque-masivo-ruso-con-misiles-hipersonicos-kinzhalde-contra-blancos-de-la-infraestructura-ucraniana","status":"publish","type":"post","link":"https:\/\/archive.sana.sy\/es\/?p=290374","title":{"rendered":"Ataque masivo ruso con misiles hipers\u00f3nicos Kinzhalde contra blancos de la infraestructura ucraniana"},"content":{"rendered":"<blockquote>\n<p style=\"text-align: justify;\"><em><span style=\"color: #800000;\"><strong>Se logr\u00f3 alcanzar empresas de defensa y complejos industriales, instalaciones energ\u00e9ticas y bases de drones.<\/strong><\/span><\/em><\/p>\n<\/blockquote>\n<p style=\"text-align: justify;\"><strong>Mosc\u00fa, 09 mar (SANA)<\/strong> Las fuerzas rusas llevaron a cabo hoy un ataque masivo contra la infraestructura cr\u00edtica de Ucrania, inform\u00f3 el Ministerio de Defensa de Rusia.<\/p>\n<p style=\"text-align: justify;\">&#8220;En respuesta a los actos terroristas organizados por Kiev en la provincia de Briansk el 2 de marzo de este a\u00f1o, las Fuerzas Armadas de la Federaci\u00f3n Rusa llevaron a cabo un ataque masivo de represalia&#8221;, rez\u00f3 un comunicado del ente castrense.<\/p>\n<p style=\"text-align: justify;\">Subray\u00f3 que el objetivo del ataque se logr\u00f3 con el uso de misiles de alta precisi\u00f3n y largo alcance disparados por tierra, aire y mar.<\/p>\n<p style=\"text-align: justify;\">Revel\u00f3 que se utiliz\u00f3 el sistema de misiles hipers\u00f3nicos Kinzhal y se logr\u00f3 alcanzar elementos claves de la infraestructura militar ucraniana, empresas de defensa y complejos industriales, as\u00ed como instalaciones energ\u00e9ticas que les proporcionan electricidad.<\/p>\n<p style=\"text-align: justify;\">Asimismo, se destruyeron bases de drones y se interrumpi\u00f3 la transferencia de reservas y el transporte ferroviario de armas extranjeras.<\/p>\n<p style=\"text-align: justify;\">Adem\u00e1s, se han destruido las instalaciones destinadas a la reparaci\u00f3n de equipos militares y a la producci\u00f3n de munici\u00f3n.<\/p>\n<p style=\"text-align: justify;\">fm\/sm<\/p>\n","protected":false},"excerpt":{"rendered":"<p>Se logr\u00f3 alcanzar empresas de defensa y complejos industriales, instalaciones energ\u00e9ticas y bases de drones. Mosc\u00fa, 09 mar (SANA) Las fuerzas rusas llevaron a cabo hoy un ataque masivo contra la infraestructura cr\u00edtica de Ucrania, inform\u00f3 el Ministerio de Defensa de Rusia. &#8220;En respuesta a los actos terroristas organizados por Kiev en la provincia de &hellip;<\/p>\n","protected":false},"author":39,"featured_media":290375,"comment_status":"closed","ping_status":"closed","sticky":false,"template":"","format":"standard","meta":{"footnotes":""},"categories":[597,456,16687,583],"tags":[],"class_list":["post-290374","post","type-post","status-publish","format-standard","has-post-thumbnail","","category-cinta-de-noticias","category-arabe-internacional-politica","category-internacionales","category-slide"],"_links":{"self":[{"href":"https:\/\/archive.sana.sy\/es\/index.php?rest_route=\/wp\/v2\/posts\/290374"}],"collection":[{"href":"https:\/\/archive.sana.sy\/es\/index.php?rest_route=\/wp\/v2\/posts"}],"about":[{"href":"https:\/\/archive.sana.sy\/es\/index.php?rest_route=\/wp\/v2\/types\/post"}],"author":[{"embeddable":true,"href":"https:\/\/archive.sana.sy\/es\/index.php?rest_route=\/wp\/v2\/users\/39"}],"replies":[{"embeddable":true,"href":"https:\/\/archive.sana.sy\/es\/index.php?rest_route=%2Fwp%2Fv2%2Fcomments&post=290374"}],"version-history":[{"count":0,"href":"https:\/\/archive.sana.sy\/es\/index.php?rest_route=\/wp\/v2\/posts\/290374\/revisions"}],"wp:featuredmedia":[{"embeddable":true,"href":"https:\/\/archive.sana.sy\/es\/index.php?rest_route=\/wp\/v2\/media\/290375"}],"wp:attachment":[{"href":"https:\/\/archive.sana.sy\/es\/index.php?rest_route=%2Fwp%2Fv2%2Fmedia&parent=290374"}],"wp:term":[{"taxonomy":"category","embeddable":true,"href":"https:\/\/archive.sana.sy\/es\/index.php?rest_route=%2Fwp%2Fv2%2Fcategories&post=290374"},{"taxonomy":"post_tag","embeddable":true,"href":"https:\/\/archive.sana.sy\/es\/index.php?rest_route=%2Fwp%2Fv2%2Ftags&post=290374"}],"curies":[{"name":"wp","href":"https:\/\/api.w.org\/{rel}","templated":true}]}}