{"id":290377,"date":"2023-03-09T16:20:12","date_gmt":"2023-03-09T13:20:12","guid":{"rendered":"https:\/\/sana.sy\/es\/?p=290377"},"modified":"2023-03-09T18:13:09","modified_gmt":"2023-03-09T15:13:09","slug":"shabaan-la-actual-guerra-no-es-solo-militar-sino-mediatica-y-cultural","status":"publish","type":"post","link":"https:\/\/archive.sana.sy\/es\/?p=290377","title":{"rendered":"Shabaan: La actual guerra no es s\u00f3lo militar sino medi\u00e1tica y cultural"},"content":{"rendered":"<blockquote>\n<p style=\"text-align: justify;\"><em><span style=\"color: #800000;\"><strong>\u201cOccidente y EE.UU no tienen derecho a hablar sobre el humanismo y los derechos humanos, mientras se quedan de brazos cruzados viendo c\u00f3mo el ocupante israel\u00ed asesina a tiros a los palestinos\u201d<\/strong><\/span><\/em><\/p>\n<\/blockquote>\n<p style=\"text-align: justify;\"><strong>Damasco, 09 mar (SANA)\u00a0<\/strong> La asesora especial de la Presidencia de la Rep\u00fablica de Siria, Bouzeina Shabaan, se reuni\u00f3 hoy con Vitaly Naumkin, el director del Instituto de Orientalismo de la Academia de Ciencias de la Federaci\u00f3n Rusa, y la delegaci\u00f3n acompa\u00f1ante.<\/p>\n<p style=\"text-align: justify;\">El encuentro tuvo lugar en la sede de la Fundaci\u00f3n \u201cDocumento Watan\u201d, en Damasco, donde Shaaban destac\u00f3 la profundidad de las relaciones sirio-rusas y la gran confianza entre los dos liderazgos y pueblos.<\/p>\n<p style=\"text-align: justify;\">Opin\u00f3 que el mundo de hoy atraviesa una importante y fundamental etapa de transformaci\u00f3n, y que Occidente ya fracas\u00f3 en liderar el mundo, que va hacia un nuevo orden multipolar.<\/p>\n<p style=\"text-align: justify;\">La titular siria enfatiz\u00f3 que los medios occidentales promueven una terminolog\u00eda adaptada a su pol\u00edtica, y que Oriente debe tener su propia ideolog\u00eda que refleje su pensamiento y soberan\u00eda.<\/p>\n<p style=\"text-align: justify;\">La guerra en la actualidad no es s\u00f3lo militar sino medi\u00e1tica y cultural, expres\u00f3.<\/p>\n<p style=\"text-align: justify;\">Asimismo se\u00f1al\u00f3 que Occidente y EE.UU no tienen derecho a hablar sobre el humanismo y los derechos humanos, mientras se quedan de brazos cruzados viendo c\u00f3mo el ocupante israel\u00ed asesina a tiros a los palestinos.<\/p>\n<p style=\"text-align: justify;\">Por su parte, el funcionario ruso subray\u00f3 la importancia del papel que juega Siria, y reiter\u00f3 que Mosc\u00fa siempre llama al levantamiento de las medidas coercitivas unilaterales e ilegales impuestas al pueblo sirio.<\/p>\n<p style=\"text-align: justify;\">\u201cSiria y Rusia est\u00e1n en la misma fila y trinchera, y Mosc\u00fa siempre est\u00e1 interesado en el bien de Damasco\u201d, subray\u00f3 el jefe la instituci\u00f3n rusa.<\/p>\n<p style=\"text-align: justify;\">sm\/fm<\/p>\n","protected":false},"excerpt":{"rendered":"<p>\u201cOccidente y EE.UU no tienen derecho a hablar sobre el humanismo y los derechos humanos, mientras se quedan de brazos cruzados viendo c\u00f3mo el ocupante israel\u00ed asesina a tiros a los palestinos\u201d Damasco, 09 mar (SANA)\u00a0 La asesora especial de la Presidencia de la Rep\u00fablica de Siria, Bouzeina Shabaan, se reuni\u00f3 hoy con Vitaly Naumkin, &hellip;<\/p>\n","protected":false},"author":39,"featured_media":290378,"comment_status":"closed","ping_status":"closed","sticky":false,"template":"","format":"standard","meta":{"footnotes":""},"categories":[477,597,467,583],"tags":[],"class_list":["post-290377","post","type-post","status-publish","format-standard","has-post-thumbnail","","category-noticias-edulcorantes","category-cinta-de-noticias","category-siria-y-el-mundo","category-slide"],"_links":{"self":[{"href":"https:\/\/archive.sana.sy\/es\/index.php?rest_route=\/wp\/v2\/posts\/290377"}],"collection":[{"href":"https:\/\/archive.sana.sy\/es\/index.php?rest_route=\/wp\/v2\/posts"}],"about":[{"href":"https:\/\/archive.sana.sy\/es\/index.php?rest_route=\/wp\/v2\/types\/post"}],"author":[{"embeddable":true,"href":"https:\/\/archive.sana.sy\/es\/index.php?rest_route=\/wp\/v2\/users\/39"}],"replies":[{"embeddable":true,"href":"https:\/\/archive.sana.sy\/es\/index.php?rest_route=%2Fwp%2Fv2%2Fcomments&post=290377"}],"version-history":[{"count":0,"href":"https:\/\/archive.sana.sy\/es\/index.php?rest_route=\/wp\/v2\/posts\/290377\/revisions"}],"wp:featuredmedia":[{"embeddable":true,"href":"https:\/\/archive.sana.sy\/es\/index.php?rest_route=\/wp\/v2\/media\/290378"}],"wp:attachment":[{"href":"https:\/\/archive.sana.sy\/es\/index.php?rest_route=%2Fwp%2Fv2%2Fmedia&parent=290377"}],"wp:term":[{"taxonomy":"category","embeddable":true,"href":"https:\/\/archive.sana.sy\/es\/index.php?rest_route=%2Fwp%2Fv2%2Fcategories&post=290377"},{"taxonomy":"post_tag","embeddable":true,"href":"https:\/\/archive.sana.sy\/es\/index.php?rest_route=%2Fwp%2Fv2%2Ftags&post=290377"}],"curies":[{"name":"wp","href":"https:\/\/api.w.org\/{rel}","templated":true}]}}