{"id":290382,"date":"2023-03-09T18:30:34","date_gmt":"2023-03-09T15:30:34","guid":{"rendered":"https:\/\/sana.sy\/es\/?p=290382"},"modified":"2023-03-09T18:30:34","modified_gmt":"2023-03-09T15:30:34","slug":"siria-apoya-lucha-palestina-contra-practicas-fascistas-de-israel","status":"publish","type":"post","link":"https:\/\/archive.sana.sy\/es\/?p=290382","title":{"rendered":"Siria apoya lucha palestina contra pr\u00e1cticas \u201cfascistas\u201d de \u201cIsrael\u201d"},"content":{"rendered":"<blockquote>\n<p style=\"text-align: justify;\"><span style=\"color: #800000;\"><em><strong>Siria expresa su orgullo por las acciones honorables de los palestinos encarcelados que se preparan para iniciar una huelga de hambre a partir del primer d\u00eda de Ramad\u00e1n, bajo el lema \u201cLibertad o Muerte\u201d.<\/strong><\/em><\/span><\/p>\n<\/blockquote>\n<p style=\"text-align: justify;\"><strong>Damasco, 09 mar (SANA)<\/strong> Siria reiter\u00f3 hoy su apoyo al pueblo palestino y su condena a las pr\u00e1cticas del gobierno israel\u00ed contra los prisioneros y detenidos palestinos.<\/p>\n<p style=\"text-align: justify;\">Damasco reafirma una vez m\u00e1s su pleno apoyo al pueblo palestino en su lucha y su derecho a la libertad y la independencia, afirm\u00f3 el Ministerio de Asuntos Exteriores por medio de una declaraci\u00f3n.<\/p>\n<p style=\"text-align: justify;\">Conden\u00f3 en los t\u00e9rminos m\u00e1s en\u00e9rgicos las pr\u00e1cticas y medidas \u201cfascistas\u201d del gobierno israel\u00ed contra los prisioneros y detenidos palestinos.<\/p>\n<p style=\"text-align: justify;\">Siria expresa su orgullo por las acciones honorables de los palestinos encarcelados que se preparan para iniciar una huelga de hambre a partir del primer d\u00eda de Ramad\u00e1n, bajo el lema \u201cLibertad o Muerte\u201d.<\/p>\n<p style=\"text-align: justify;\">fm\/sm<\/p>\n","protected":false},"excerpt":{"rendered":"<p>Siria expresa su orgullo por las acciones honorables de los palestinos encarcelados que se preparan para iniciar una huelga de hambre a partir del primer d\u00eda de Ramad\u00e1n, bajo el lema \u201cLibertad o Muerte\u201d. Damasco, 09 mar (SANA) Siria reiter\u00f3 hoy su apoyo al pueblo palestino y su condena a las pr\u00e1cticas del gobierno israel\u00ed &hellip;<\/p>\n","protected":false},"author":39,"featured_media":290383,"comment_status":"closed","ping_status":"closed","sticky":false,"template":"","format":"standard","meta":{"footnotes":""},"categories":[597,20724,467,7541],"tags":[],"class_list":["post-290382","post","type-post","status-publish","format-standard","has-post-thumbnail","","category-cinta-de-noticias","category-minuto-a-minuto","category-siria-y-el-mundo","category-ultimas-noticias"],"_links":{"self":[{"href":"https:\/\/archive.sana.sy\/es\/index.php?rest_route=\/wp\/v2\/posts\/290382"}],"collection":[{"href":"https:\/\/archive.sana.sy\/es\/index.php?rest_route=\/wp\/v2\/posts"}],"about":[{"href":"https:\/\/archive.sana.sy\/es\/index.php?rest_route=\/wp\/v2\/types\/post"}],"author":[{"embeddable":true,"href":"https:\/\/archive.sana.sy\/es\/index.php?rest_route=\/wp\/v2\/users\/39"}],"replies":[{"embeddable":true,"href":"https:\/\/archive.sana.sy\/es\/index.php?rest_route=%2Fwp%2Fv2%2Fcomments&post=290382"}],"version-history":[{"count":0,"href":"https:\/\/archive.sana.sy\/es\/index.php?rest_route=\/wp\/v2\/posts\/290382\/revisions"}],"wp:featuredmedia":[{"embeddable":true,"href":"https:\/\/archive.sana.sy\/es\/index.php?rest_route=\/wp\/v2\/media\/290383"}],"wp:attachment":[{"href":"https:\/\/archive.sana.sy\/es\/index.php?rest_route=%2Fwp%2Fv2%2Fmedia&parent=290382"}],"wp:term":[{"taxonomy":"category","embeddable":true,"href":"https:\/\/archive.sana.sy\/es\/index.php?rest_route=%2Fwp%2Fv2%2Fcategories&post=290382"},{"taxonomy":"post_tag","embeddable":true,"href":"https:\/\/archive.sana.sy\/es\/index.php?rest_route=%2Fwp%2Fv2%2Ftags&post=290382"}],"curies":[{"name":"wp","href":"https:\/\/api.w.org\/{rel}","templated":true}]}}