{"id":290390,"date":"2023-03-09T19:05:35","date_gmt":"2023-03-09T16:05:35","guid":{"rendered":"https:\/\/sana.sy\/es\/?p=290390"},"modified":"2023-03-10T07:16:49","modified_gmt":"2023-03-10T04:16:49","slug":"canciller-irani-llega-a-damasco-para-reforzar-relaciones-entre-ambos-paises","status":"publish","type":"post","link":"https:\/\/archive.sana.sy\/es\/?p=290390","title":{"rendered":"Canciller iran\u00ed llega a Damasco para reforzar relaciones entre ambos pa\u00edses"},"content":{"rendered":"<p style=\"text-align: justify;\"><span style=\"color: #800000;\"><strong>Damasco, 9 mar (SANA)<\/strong><\/span> El Ministro de Relaciones Exteriores de Ir\u00e1n, Hossein Amir Abdullahian, lleg\u00f3 esta tarde al Aeropuerto Internacional de Damasco procedente de la Gobernaci\u00f3n de Latakia, en una visita para afirmar la solidaridad y el apoyo de su pa\u00eds a Siria tras el terremoto del pasado 6 de febrero.<\/p>\n<p style=\"text-align: justify;\">El canciller iran\u00ed fue recibido por su hom\u00f3logo sirio, Faisal Al-Mekdad, y el embajador iran\u00ed en Siria, Mahdi Sobhani.<\/p>\n<p style=\"text-align: justify;\">Cabe se\u00f1alar que el ministro de Relaciones Exteriores de Ir\u00e1n, Hossein Amir Abdullahian, lleg\u00f3 hoy a la provincia costera siria de Latakia donde visit\u00f3 varios sitios afectados por los terremotos, asimismo estuvo en la ciudad de Jableh, donde visit\u00f3 los centros donde se alojan las familias que quedaron sin hogar a consecuencia de este desastre natural.<\/p>\n<p>LEA TAMBI\u00c9N:<a href=\"https:\/\/www.sana.sy\/es\/?p=290346\"><span style=\"color: #993300;\"> Canciller de Ir\u00e1n llega a Siria y visita ciudad afectada por terremoto<\/span><\/a><\/p>\n<p>mm<\/p>\n","protected":false},"excerpt":{"rendered":"<p>Damasco, 9 mar (SANA) El Ministro de Relaciones Exteriores de Ir\u00e1n, Hossein Amir Abdullahian, lleg\u00f3 esta tarde al Aeropuerto Internacional de Damasco procedente de la Gobernaci\u00f3n de Latakia, en una visita para afirmar la solidaridad y el apoyo de su pa\u00eds a Siria tras el terremoto del pasado 6 de febrero. El canciller iran\u00ed fue &hellip;<\/p>\n","protected":false},"author":36,"featured_media":290391,"comment_status":"closed","ping_status":"closed","sticky":false,"template":"","format":"standard","meta":{"footnotes":""},"categories":[597,20724,467],"tags":[21823],"class_list":["post-290390","post","type-post","status-publish","format-standard","has-post-thumbnail","","category-cinta-de-noticias","category-minuto-a-minuto","category-siria-y-el-mundo","tag-ministro-de-relaciones-exteriores-de-iran-hossein-amir-abdullahian"],"_links":{"self":[{"href":"https:\/\/archive.sana.sy\/es\/index.php?rest_route=\/wp\/v2\/posts\/290390"}],"collection":[{"href":"https:\/\/archive.sana.sy\/es\/index.php?rest_route=\/wp\/v2\/posts"}],"about":[{"href":"https:\/\/archive.sana.sy\/es\/index.php?rest_route=\/wp\/v2\/types\/post"}],"author":[{"embeddable":true,"href":"https:\/\/archive.sana.sy\/es\/index.php?rest_route=\/wp\/v2\/users\/36"}],"replies":[{"embeddable":true,"href":"https:\/\/archive.sana.sy\/es\/index.php?rest_route=%2Fwp%2Fv2%2Fcomments&post=290390"}],"version-history":[{"count":0,"href":"https:\/\/archive.sana.sy\/es\/index.php?rest_route=\/wp\/v2\/posts\/290390\/revisions"}],"wp:featuredmedia":[{"embeddable":true,"href":"https:\/\/archive.sana.sy\/es\/index.php?rest_route=\/wp\/v2\/media\/290391"}],"wp:attachment":[{"href":"https:\/\/archive.sana.sy\/es\/index.php?rest_route=%2Fwp%2Fv2%2Fmedia&parent=290390"}],"wp:term":[{"taxonomy":"category","embeddable":true,"href":"https:\/\/archive.sana.sy\/es\/index.php?rest_route=%2Fwp%2Fv2%2Fcategories&post=290390"},{"taxonomy":"post_tag","embeddable":true,"href":"https:\/\/archive.sana.sy\/es\/index.php?rest_route=%2Fwp%2Fv2%2Ftags&post=290390"}],"curies":[{"name":"wp","href":"https:\/\/api.w.org\/{rel}","templated":true}]}}