{"id":290393,"date":"2023-03-09T19:34:31","date_gmt":"2023-03-09T16:34:31","guid":{"rendered":"https:\/\/sana.sy\/es\/?p=290393"},"modified":"2023-03-09T19:34:31","modified_gmt":"2023-03-09T16:34:31","slug":"moscu-construir-un-centro-de-entrenamiento-militar-polaco-en-ucrania-convierten-a-varsovia-en-parte-del-conflicto","status":"publish","type":"post","link":"https:\/\/archive.sana.sy\/es\/?p=290393","title":{"rendered":"Mosc\u00fa: construir un centro de entrenamiento militar polaco en Ucrania convierten a Varsovia en parte del conflicto"},"content":{"rendered":"<p style=\"text-align: justify;\"><span style=\"color: #800000;\"><strong>Mosc\u00fa, 09 mar (SANA)\u00a0<\/strong><\/span> La portavoz del Ministerio de Relaciones Exteriores de Rusia, Mar\u00eda Zaj\u00e1rova, anunci\u00f3 que los planes de Polonia de construir un centro de entrenamiento militar en el oeste de Ucrania lo convierten en parte del conflicto.<\/p>\n<p style=\"text-align: justify;\">La vocera indic\u00f3 en una declaraci\u00f3n la intenci\u00f3n de Varsovia de desplegar su infraestructura para aumentar la presencia militar polaca que se anunci\u00f3 anteriormente como la Legi\u00f3n de Voluntarios Polacos.<\/p>\n<p style=\"text-align: justify;\">\u201cEste asunto implica a Polonia en la participaci\u00f3n directa en el conflicto ucraniano&#8221;, agreg\u00f3.<\/p>\n<p style=\"text-align: justify;\">sm<\/p>\n","protected":false},"excerpt":{"rendered":"<p>Mosc\u00fa, 09 mar (SANA)\u00a0 La portavoz del Ministerio de Relaciones Exteriores de Rusia, Mar\u00eda Zaj\u00e1rova, anunci\u00f3 que los planes de Polonia de construir un centro de entrenamiento militar en el oeste de Ucrania lo convierten en parte del conflicto. La vocera indic\u00f3 en una declaraci\u00f3n la intenci\u00f3n de Varsovia de desplegar su infraestructura para aumentar &hellip;<\/p>\n","protected":false},"author":39,"featured_media":290394,"comment_status":"closed","ping_status":"closed","sticky":false,"template":"","format":"standard","meta":{"footnotes":""},"categories":[597,456,16687,20724,7541],"tags":[],"class_list":["post-290393","post","type-post","status-publish","format-standard","has-post-thumbnail","","category-cinta-de-noticias","category-arabe-internacional-politica","category-internacionales","category-minuto-a-minuto","category-ultimas-noticias"],"_links":{"self":[{"href":"https:\/\/archive.sana.sy\/es\/index.php?rest_route=\/wp\/v2\/posts\/290393"}],"collection":[{"href":"https:\/\/archive.sana.sy\/es\/index.php?rest_route=\/wp\/v2\/posts"}],"about":[{"href":"https:\/\/archive.sana.sy\/es\/index.php?rest_route=\/wp\/v2\/types\/post"}],"author":[{"embeddable":true,"href":"https:\/\/archive.sana.sy\/es\/index.php?rest_route=\/wp\/v2\/users\/39"}],"replies":[{"embeddable":true,"href":"https:\/\/archive.sana.sy\/es\/index.php?rest_route=%2Fwp%2Fv2%2Fcomments&post=290393"}],"version-history":[{"count":0,"href":"https:\/\/archive.sana.sy\/es\/index.php?rest_route=\/wp\/v2\/posts\/290393\/revisions"}],"wp:featuredmedia":[{"embeddable":true,"href":"https:\/\/archive.sana.sy\/es\/index.php?rest_route=\/wp\/v2\/media\/290394"}],"wp:attachment":[{"href":"https:\/\/archive.sana.sy\/es\/index.php?rest_route=%2Fwp%2Fv2%2Fmedia&parent=290393"}],"wp:term":[{"taxonomy":"category","embeddable":true,"href":"https:\/\/archive.sana.sy\/es\/index.php?rest_route=%2Fwp%2Fv2%2Fcategories&post=290393"},{"taxonomy":"post_tag","embeddable":true,"href":"https:\/\/archive.sana.sy\/es\/index.php?rest_route=%2Fwp%2Fv2%2Ftags&post=290393"}],"curies":[{"name":"wp","href":"https:\/\/api.w.org\/{rel}","templated":true}]}}