{"id":29043,"date":"2015-08-27T14:05:30","date_gmt":"2015-08-27T11:05:30","guid":{"rendered":"http:\/\/sana.sy\/es\/?p=29043"},"modified":"2015-08-27T18:25:23","modified_gmt":"2015-08-27T15:25:23","slug":"29043","status":"publish","type":"post","link":"https:\/\/archive.sana.sy\/es\/?p=29043","title":{"rendered":"Planta de butano de Adra vuelve a funcionar"},"content":{"rendered":"<p><span style=\"color: #800000\">Damasco, SANA<\/span><\/p>\n<p>El ministro de Petr\u00f3leo y Recursos Minerales, Ali Suleiman Al-Abbas, anunci\u00f3 el reinicio del funcionamiento de la planta de butano en Adra con una capacidad productiva de cuatro mil cilindros diarias y esa capacidad aumentar\u00e1 gradualmente hasta siete mil cilindros por d\u00eda dentro de una semana.<\/p>\n<p>Estas declaraciones se hicieron durante una gira efectuada por el ministro Abbas y el gobernador de Damasco-campo, Hussein Makhlouf en dicha planta que fue rehabilitada despu\u00e9s de que el ej\u00e9rcito sirio recuperara el control del \u00e1rea de Adra a finales del a\u00f1o pasado.<\/p>\n<p>&nbsp;<\/p>\n<p><span style=\"color: #00ccff\">Fady M., Hala B.<\/span><\/p>\n","protected":false},"excerpt":{"rendered":"<p>Damasco, SANA El ministro de Petr\u00f3leo y Recursos Minerales, Ali Suleiman Al-Abbas, anunci\u00f3 el reinicio del funcionamiento de la planta de butano en Adra con una capacidad productiva de cuatro mil cilindros diarias y esa capacidad aumentar\u00e1 gradualmente hasta siete mil cilindros por d\u00eda dentro de una semana. Estas declaraciones se hicieron durante una gira &hellip;<\/p>\n","protected":false},"author":1,"featured_media":29053,"comment_status":"closed","ping_status":"closed","sticky":false,"template":"","format":"standard","meta":{"footnotes":""},"categories":[477,597,476],"tags":[6425],"class_list":["post-29043","post","type-post","status-publish","format-standard","has-post-thumbnail","","category-noticias-edulcorantes","category-cinta-de-noticias","category-locales","tag-planta-de-butano-de-adra-vuelve-a-funcionarse"],"_links":{"self":[{"href":"https:\/\/archive.sana.sy\/es\/index.php?rest_route=\/wp\/v2\/posts\/29043"}],"collection":[{"href":"https:\/\/archive.sana.sy\/es\/index.php?rest_route=\/wp\/v2\/posts"}],"about":[{"href":"https:\/\/archive.sana.sy\/es\/index.php?rest_route=\/wp\/v2\/types\/post"}],"author":[{"embeddable":true,"href":"https:\/\/archive.sana.sy\/es\/index.php?rest_route=\/wp\/v2\/users\/1"}],"replies":[{"embeddable":true,"href":"https:\/\/archive.sana.sy\/es\/index.php?rest_route=%2Fwp%2Fv2%2Fcomments&post=29043"}],"version-history":[{"count":0,"href":"https:\/\/archive.sana.sy\/es\/index.php?rest_route=\/wp\/v2\/posts\/29043\/revisions"}],"wp:featuredmedia":[{"embeddable":true,"href":"https:\/\/archive.sana.sy\/es\/index.php?rest_route=\/wp\/v2\/media\/29053"}],"wp:attachment":[{"href":"https:\/\/archive.sana.sy\/es\/index.php?rest_route=%2Fwp%2Fv2%2Fmedia&parent=29043"}],"wp:term":[{"taxonomy":"category","embeddable":true,"href":"https:\/\/archive.sana.sy\/es\/index.php?rest_route=%2Fwp%2Fv2%2Fcategories&post=29043"},{"taxonomy":"post_tag","embeddable":true,"href":"https:\/\/archive.sana.sy\/es\/index.php?rest_route=%2Fwp%2Fv2%2Ftags&post=29043"}],"curies":[{"name":"wp","href":"https:\/\/api.w.org\/{rel}","templated":true}]}}