{"id":290451,"date":"2023-03-10T13:31:11","date_gmt":"2023-03-10T10:31:11","guid":{"rendered":"https:\/\/sana.sy\/es\/?p=290451"},"modified":"2023-03-10T13:31:11","modified_gmt":"2023-03-10T10:31:11","slug":"inicia-foro-juvenil-solidaria-con-siria-fotos","status":"publish","type":"post","link":"https:\/\/archive.sana.sy\/es\/?p=290451","title":{"rendered":"Inicia Foro Juvenil Solidaria con Siria (+ fotos)"},"content":{"rendered":"<blockquote>\n<p style=\"text-align: justify;\"><span style=\"color: #993300;\">El evento es organizado por las uniones de Estudiantes Sirios y de \u00a0Juventud Revolucionaria, y se celebra bajo el lema: Juntos para poner fin al bloqueo y las sanciones injustas contra Siria.<\/span><\/p>\n<\/blockquote>\n<p style=\"text-align: justify;\"><span style=\"color: #800000;\"><strong>Damasco, 10 mar (SANA) \u00a0<\/strong><\/span>\u00a0El Foro de Juventud \u00c1rabe Solidaria con Siria inici\u00f3 hoy con la participaci\u00f3n de 92 j\u00f3venes de 10 pa\u00edses \u00e1rabes.<\/p>\n<p style=\"text-align: justify;\">El evento es organizado por las uniones de Estudiantes Sirios y de \u00a0Juventud Revolucionaria y se celebra bajo el lema: Juntos para poner fin al bloqueo y las sanciones injustas contra Siria.<\/p>\n<p style=\"text-align: justify;\">Antes del inicio del Foro, los j\u00f3venes \u00e1rabes participantes visitaron el Monumento al Soldado Desconocido, ubicado en el monte de Qassiun en Damasco.<\/p>\n<p style=\"text-align: justify;\">Noticia en desarrollo\u2026<\/p>\n<p style=\"text-align: justify;\"><em><strong>ah\/fm<\/strong><\/em><\/p>\n","protected":false},"excerpt":{"rendered":"<p>El evento es organizado por las uniones de Estudiantes Sirios y de \u00a0Juventud Revolucionaria, y se celebra bajo el lema: Juntos para poner fin al bloqueo y las sanciones injustas contra Siria. Damasco, 10 mar (SANA) \u00a0\u00a0El Foro de Juventud \u00c1rabe Solidaria con Siria inici\u00f3 hoy con la participaci\u00f3n de 92 j\u00f3venes de 10 pa\u00edses &hellip;<\/p>\n","protected":false},"author":30,"featured_media":290452,"comment_status":"closed","ping_status":"closed","sticky":false,"template":"","format":"standard","meta":{"footnotes":""},"categories":[447,477,597,20724,476,7541],"tags":[],"class_list":["post-290451","post","type-post","status-publish","format-standard","has-post-thumbnail","","category-local-politica","category-noticias-edulcorantes","category-cinta-de-noticias","category-minuto-a-minuto","category-locales","category-ultimas-noticias"],"_links":{"self":[{"href":"https:\/\/archive.sana.sy\/es\/index.php?rest_route=\/wp\/v2\/posts\/290451"}],"collection":[{"href":"https:\/\/archive.sana.sy\/es\/index.php?rest_route=\/wp\/v2\/posts"}],"about":[{"href":"https:\/\/archive.sana.sy\/es\/index.php?rest_route=\/wp\/v2\/types\/post"}],"author":[{"embeddable":true,"href":"https:\/\/archive.sana.sy\/es\/index.php?rest_route=\/wp\/v2\/users\/30"}],"replies":[{"embeddable":true,"href":"https:\/\/archive.sana.sy\/es\/index.php?rest_route=%2Fwp%2Fv2%2Fcomments&post=290451"}],"version-history":[{"count":0,"href":"https:\/\/archive.sana.sy\/es\/index.php?rest_route=\/wp\/v2\/posts\/290451\/revisions"}],"wp:featuredmedia":[{"embeddable":true,"href":"https:\/\/archive.sana.sy\/es\/index.php?rest_route=\/wp\/v2\/media\/290452"}],"wp:attachment":[{"href":"https:\/\/archive.sana.sy\/es\/index.php?rest_route=%2Fwp%2Fv2%2Fmedia&parent=290451"}],"wp:term":[{"taxonomy":"category","embeddable":true,"href":"https:\/\/archive.sana.sy\/es\/index.php?rest_route=%2Fwp%2Fv2%2Fcategories&post=290451"},{"taxonomy":"post_tag","embeddable":true,"href":"https:\/\/archive.sana.sy\/es\/index.php?rest_route=%2Fwp%2Fv2%2Ftags&post=290451"}],"curies":[{"name":"wp","href":"https:\/\/api.w.org\/{rel}","templated":true}]}}