{"id":290454,"date":"2023-03-10T13:36:13","date_gmt":"2023-03-10T10:36:13","guid":{"rendered":"https:\/\/sana.sy\/es\/?p=290454"},"modified":"2023-03-10T13:36:13","modified_gmt":"2023-03-10T10:36:13","slug":"seis-muertos-en-un-tiroteo-en-hamburgo-alemania","status":"publish","type":"post","link":"https:\/\/archive.sana.sy\/es\/?p=290454","title":{"rendered":"Seis muertos en un tiroteo en Hamburgo, Alemania"},"content":{"rendered":"<p style=\"text-align: justify;\"><span style=\"color: #800000;\"><strong>Berl\u00edn, 10 mar (SANA)<\/strong><\/span>\u00a0 Al menos seis personas perecieron hoy en un tiroteo ocurrido en la ciudad de Hamburgo, Alemania.<\/p>\n<p style=\"text-align: justify;\">Citadas por Sputnik, las autoridades de esa ciudad del norte de Alemania afirmaron que una persona no identificada abri\u00f3 fuego en la calle Delbuggi en el \u00e1rea de Grossporstel, y mat\u00f3 a seis personas mientras otras resultaron heridas.<\/p>\n<p style=\"text-align: justify;\">\u201cUna operaci\u00f3n de seguridad a gran escala fue lanzada en el \u00e1rea tras la fuga del atacante\u201d, detallaron las autoridades de Hamburgo.<\/p>\n<p style=\"text-align: justify;\">En junio de 2022, dos personas perdieron la vida en un semejante incidente en el estado central alem\u00e1n de Hesse.<\/p>\n<p style=\"text-align: justify;\"><em><strong>ah\/fm<\/strong><\/em><\/p>\n","protected":false},"excerpt":{"rendered":"<p>Berl\u00edn, 10 mar (SANA)\u00a0 Al menos seis personas perecieron hoy en un tiroteo ocurrido en la ciudad de Hamburgo, Alemania. Citadas por Sputnik, las autoridades de esa ciudad del norte de Alemania afirmaron que una persona no identificada abri\u00f3 fuego en la calle Delbuggi en el \u00e1rea de Grossporstel, y mat\u00f3 a seis personas mientras &hellip;<\/p>\n","protected":false},"author":30,"featured_media":290455,"comment_status":"closed","ping_status":"closed","sticky":false,"template":"","format":"standard","meta":{"footnotes":""},"categories":[456,16687,20724],"tags":[],"class_list":["post-290454","post","type-post","status-publish","format-standard","has-post-thumbnail","","category-arabe-internacional-politica","category-internacionales","category-minuto-a-minuto"],"_links":{"self":[{"href":"https:\/\/archive.sana.sy\/es\/index.php?rest_route=\/wp\/v2\/posts\/290454"}],"collection":[{"href":"https:\/\/archive.sana.sy\/es\/index.php?rest_route=\/wp\/v2\/posts"}],"about":[{"href":"https:\/\/archive.sana.sy\/es\/index.php?rest_route=\/wp\/v2\/types\/post"}],"author":[{"embeddable":true,"href":"https:\/\/archive.sana.sy\/es\/index.php?rest_route=\/wp\/v2\/users\/30"}],"replies":[{"embeddable":true,"href":"https:\/\/archive.sana.sy\/es\/index.php?rest_route=%2Fwp%2Fv2%2Fcomments&post=290454"}],"version-history":[{"count":0,"href":"https:\/\/archive.sana.sy\/es\/index.php?rest_route=\/wp\/v2\/posts\/290454\/revisions"}],"wp:featuredmedia":[{"embeddable":true,"href":"https:\/\/archive.sana.sy\/es\/index.php?rest_route=\/wp\/v2\/media\/290455"}],"wp:attachment":[{"href":"https:\/\/archive.sana.sy\/es\/index.php?rest_route=%2Fwp%2Fv2%2Fmedia&parent=290454"}],"wp:term":[{"taxonomy":"category","embeddable":true,"href":"https:\/\/archive.sana.sy\/es\/index.php?rest_route=%2Fwp%2Fv2%2Fcategories&post=290454"},{"taxonomy":"post_tag","embeddable":true,"href":"https:\/\/archive.sana.sy\/es\/index.php?rest_route=%2Fwp%2Fv2%2Ftags&post=290454"}],"curies":[{"name":"wp","href":"https:\/\/api.w.org\/{rel}","templated":true}]}}