{"id":290457,"date":"2023-03-10T13:54:37","date_gmt":"2023-03-10T10:54:37","guid":{"rendered":"https:\/\/sana.sy\/es\/?p=290457"},"modified":"2023-03-10T13:56:57","modified_gmt":"2023-03-10T10:56:57","slug":"temblor-de-magnitud-59-sacude-colombia","status":"publish","type":"post","link":"https:\/\/archive.sana.sy\/es\/?p=290457","title":{"rendered":"Temblor de magnitud 5,9 sacude Colombia"},"content":{"rendered":"<blockquote>\n<p style=\"text-align: justify;\"><span style=\"color: #993300;\">El sismo sacudi\u00f3 en horas de la madrugada de este viernes a gran parte de Colombia y se sinti\u00f3 fuerte en Bogot\u00e1, Los Santos, Zapatoca, Betulia y Santander<\/span><\/p>\n<\/blockquote>\n<p style=\"text-align: justify;\"><span style=\"color: #800000;\"><strong>Bogot\u00e1, 10 mar (SANA)<\/strong> <\/span>Un sismo de magnitud 5,9 en la escala de Rikhter sacudi\u00f3 en horas de la madrugada de este viernes a gran parte de Colombia.<\/p>\n<p style=\"text-align: justify;\">Seg\u00fan inform\u00f3 el Servicio Geol\u00f3gico Colombiano, el movimiento tel\u00farico, registrado hacia las 4:18 de la hora local, tuvo una profundidad de 151 kil\u00f3metros y su epicentro se localiz\u00f3 cerca de los municipios de Los Santos, Zapatoca y Betulia, del departamento de Santander, al nororiente colombiano.<\/p>\n<p style=\"text-align: justify;\">De acuerdo con medios locales, el sismo se sinti\u00f3 con mayor fuerza en la capital del pa\u00eds, Bogot\u00e1, y en las ciudades de Medell\u00edn y Bucaramanga.<\/p>\n<p style=\"text-align: justify;\">Hasta el momento no se ha informado sobre v\u00edctimas o da\u00f1os a infraestructuras.<\/p>\n<p style=\"text-align: justify;\">fm\/sm<\/p>\n","protected":false},"excerpt":{"rendered":"<p>El sismo sacudi\u00f3 en horas de la madrugada de este viernes a gran parte de Colombia y se sinti\u00f3 fuerte en Bogot\u00e1, Los Santos, Zapatoca, Betulia y Santander Bogot\u00e1, 10 mar (SANA) Un sismo de magnitud 5,9 en la escala de Rikhter sacudi\u00f3 en horas de la madrugada de este viernes a gran parte de &hellip;<\/p>\n","protected":false},"author":39,"featured_media":290458,"comment_status":"closed","ping_status":"closed","sticky":false,"template":"","format":"standard","meta":{"footnotes":""},"categories":[597,456,16687,20724,7541],"tags":[],"class_list":["post-290457","post","type-post","status-publish","format-standard","has-post-thumbnail","","category-cinta-de-noticias","category-arabe-internacional-politica","category-internacionales","category-minuto-a-minuto","category-ultimas-noticias"],"_links":{"self":[{"href":"https:\/\/archive.sana.sy\/es\/index.php?rest_route=\/wp\/v2\/posts\/290457"}],"collection":[{"href":"https:\/\/archive.sana.sy\/es\/index.php?rest_route=\/wp\/v2\/posts"}],"about":[{"href":"https:\/\/archive.sana.sy\/es\/index.php?rest_route=\/wp\/v2\/types\/post"}],"author":[{"embeddable":true,"href":"https:\/\/archive.sana.sy\/es\/index.php?rest_route=\/wp\/v2\/users\/39"}],"replies":[{"embeddable":true,"href":"https:\/\/archive.sana.sy\/es\/index.php?rest_route=%2Fwp%2Fv2%2Fcomments&post=290457"}],"version-history":[{"count":0,"href":"https:\/\/archive.sana.sy\/es\/index.php?rest_route=\/wp\/v2\/posts\/290457\/revisions"}],"wp:featuredmedia":[{"embeddable":true,"href":"https:\/\/archive.sana.sy\/es\/index.php?rest_route=\/wp\/v2\/media\/290458"}],"wp:attachment":[{"href":"https:\/\/archive.sana.sy\/es\/index.php?rest_route=%2Fwp%2Fv2%2Fmedia&parent=290457"}],"wp:term":[{"taxonomy":"category","embeddable":true,"href":"https:\/\/archive.sana.sy\/es\/index.php?rest_route=%2Fwp%2Fv2%2Fcategories&post=290457"},{"taxonomy":"post_tag","embeddable":true,"href":"https:\/\/archive.sana.sy\/es\/index.php?rest_route=%2Fwp%2Fv2%2Ftags&post=290457"}],"curies":[{"name":"wp","href":"https:\/\/api.w.org\/{rel}","templated":true}]}}