{"id":290462,"date":"2023-03-10T14:49:05","date_gmt":"2023-03-10T11:49:05","guid":{"rendered":"https:\/\/sana.sy\/es\/?p=290462"},"modified":"2023-03-10T14:49:05","modified_gmt":"2023-03-10T11:49:05","slug":"riakov-no-rechazamos-el-dialogo-con-washington-sobre-el-tratado-start","status":"publish","type":"post","link":"https:\/\/archive.sana.sy\/es\/?p=290462","title":{"rendered":"Ri\u00e1kov: No rechazamos el di\u00e1logo con Washington sobre el tratado START"},"content":{"rendered":"<p style=\"text-align: justify;\"><span style=\"color: #800000;\"><strong>Mosc\u00fa, 10 mar (SANA)<\/strong><\/span>\u00a0 \u00a0El viceministro de Relaciones Exteriores de Rusia, Serguei Ri\u00e1bkov, afirm\u00f3 hoy que su pa\u00eds contin\u00faa sus contactos con EE.UU en relaci\u00f3n con el Nuevo Tratado START.<\/p>\n<p style=\"text-align: justify;\">\u201cLos contactos con Washington con respecto al Tratado sobre la Reducci\u00f3n y Limitaci\u00f3n de Armas Estrat\u00e9gicas Ofensivas (Nuevo START) contin\u00faan seg\u00fan sea necesario, y no se puede decir que tenemos buenos resultados, pero no rechazamos el di\u00e1logo y estamos abiertos a ello\u201d, dijo el diplom\u00e1tico ruso citado por RT.<\/p>\n<p style=\"text-align: justify;\">El pasado 21 de febrero, el presidente ruso, Vladimir Putin, anunci\u00f3 la suspensi\u00f3n de la participaci\u00f3n de Mosc\u00fa en dicho pacto.<\/p>\n<p style=\"text-align: justify;\">sm\/fm<\/p>\n","protected":false},"excerpt":{"rendered":"<p>Mosc\u00fa, 10 mar (SANA)\u00a0 \u00a0El viceministro de Relaciones Exteriores de Rusia, Serguei Ri\u00e1bkov, afirm\u00f3 hoy que su pa\u00eds contin\u00faa sus contactos con EE.UU en relaci\u00f3n con el Nuevo Tratado START. \u201cLos contactos con Washington con respecto al Tratado sobre la Reducci\u00f3n y Limitaci\u00f3n de Armas Estrat\u00e9gicas Ofensivas (Nuevo START) contin\u00faan seg\u00fan sea necesario, y no &hellip;<\/p>\n","protected":false},"author":39,"featured_media":290463,"comment_status":"closed","ping_status":"closed","sticky":false,"template":"","format":"standard","meta":{"footnotes":""},"categories":[597,456,16687,20724,7541],"tags":[],"class_list":["post-290462","post","type-post","status-publish","format-standard","has-post-thumbnail","","category-cinta-de-noticias","category-arabe-internacional-politica","category-internacionales","category-minuto-a-minuto","category-ultimas-noticias"],"_links":{"self":[{"href":"https:\/\/archive.sana.sy\/es\/index.php?rest_route=\/wp\/v2\/posts\/290462"}],"collection":[{"href":"https:\/\/archive.sana.sy\/es\/index.php?rest_route=\/wp\/v2\/posts"}],"about":[{"href":"https:\/\/archive.sana.sy\/es\/index.php?rest_route=\/wp\/v2\/types\/post"}],"author":[{"embeddable":true,"href":"https:\/\/archive.sana.sy\/es\/index.php?rest_route=\/wp\/v2\/users\/39"}],"replies":[{"embeddable":true,"href":"https:\/\/archive.sana.sy\/es\/index.php?rest_route=%2Fwp%2Fv2%2Fcomments&post=290462"}],"version-history":[{"count":0,"href":"https:\/\/archive.sana.sy\/es\/index.php?rest_route=\/wp\/v2\/posts\/290462\/revisions"}],"wp:featuredmedia":[{"embeddable":true,"href":"https:\/\/archive.sana.sy\/es\/index.php?rest_route=\/wp\/v2\/media\/290463"}],"wp:attachment":[{"href":"https:\/\/archive.sana.sy\/es\/index.php?rest_route=%2Fwp%2Fv2%2Fmedia&parent=290462"}],"wp:term":[{"taxonomy":"category","embeddable":true,"href":"https:\/\/archive.sana.sy\/es\/index.php?rest_route=%2Fwp%2Fv2%2Fcategories&post=290462"},{"taxonomy":"post_tag","embeddable":true,"href":"https:\/\/archive.sana.sy\/es\/index.php?rest_route=%2Fwp%2Fv2%2Ftags&post=290462"}],"curies":[{"name":"wp","href":"https:\/\/api.w.org\/{rel}","templated":true}]}}