{"id":290465,"date":"2023-03-10T15:34:31","date_gmt":"2023-03-10T12:34:31","guid":{"rendered":"https:\/\/sana.sy\/es\/?p=290465"},"modified":"2023-03-10T17:30:59","modified_gmt":"2023-03-10T14:30:59","slug":"jovenes-solidarios-de-10-paises-arabes-llegan-a-siria-fotos","status":"publish","type":"post","link":"https:\/\/archive.sana.sy\/es\/?p=290465","title":{"rendered":"J\u00f3venes solidarios de 10 pa\u00edses \u00e1rabes llegan a Siria (+ fotos)"},"content":{"rendered":"<blockquote>\n<p style=\"text-align: justify;\"><em><span style=\"color: #993300;\">\u201cHa llegado el momento de unir los esfuerzos para romper el cerco, porque lo que est\u00e1 pasando en Siria es un crimen de lesa humanidad\u201d<\/span><\/em><\/p>\n<\/blockquote>\n<p style=\"text-align: justify;\"><span style=\"color: #800000;\"><strong>Damasco, 10 mar (SANA)\u00a0\u00a0<\/strong><\/span> Delegaciones estudiantiles de diferentes pa\u00edses \u00e1rabes visitaron hoy el Monumento al Soldado Desconocido ubicado en el Monte Qassiun en Damasco donde depositaron una ofrenda floral.<\/p>\n<p style=\"text-align: justify;\">92 j\u00f3venes de L\u00edbano, Jordania, Palestina, Egipto, Argelia, Irak, Yemen, Kuwait, Marruecos y Bahr\u00e9in llegaron al pa\u00eds para participar en el Foro de Solidaridad \u00c1rabe con Siria y exigir el fin inmediato del asedio y las medidas coercitivas unilaterales impuestas al pueblo sirio.<\/p>\n<p style=\"text-align: justify;\">Este evento es una oportunidad, plataforma y espacio para exigir el fin del bloqueo y las medidas coercitivas unilaterales impuestas a Siria, que afectaron la capacidad del pa\u00eds para hacer frente a las repercusiones del desastre del terremoto, dijo la presidenta de la Uni\u00f3n Nacional de Estudiantes Sirios, Dar\u00edn Suleiman, en su discurso pronunciado en la apertura del evento.<\/p>\n<p style=\"text-align: justify;\">A\u00f1adi\u00f3 que \u201cha llegado el momento de unir los esfuerzos para romper el cerco, porque lo que est\u00e1 pasando en Siria es un crimen de lesa humanidad\u201d.<\/p>\n<p style=\"text-align: justify;\">\u201cPermaneceremos juntos y unidos ante todas los complots que se traman contra nuestra naci\u00f3n\u201d, dijo el liban\u00e9s Abdullah Abdel Hamid, el supervisor general del foro.<\/p>\n<p style=\"text-align: justify;\">Asegur\u00f3 que Siria estuvo sujeta a una guerra global pero se mantuvo firme porque su pueblo no acept\u00f3 ni aceptar\u00e1 las conspiraciones externas, y su valiente ej\u00e9rcito hizo muchos sacrificios.<\/p>\n<div id='gallery-1' class='gallery galleryid-290465 gallery-columns-1 gallery-size-full'><figure class='gallery-item'>\n\t\t\t<div class='gallery-icon landscape'>\n\t\t\t\t<a href='https:\/\/archive.sana.sy\/es\/?attachment_id=290467'><img loading=\"lazy\" decoding=\"async\" width=\"660\" height=\"439\" src=\"https:\/\/archive.sana.sy\/es\/wp-content\/uploads\/2023\/03\/Jovenes-solidarios-de-10-paises-arabes-llegan-a-Siria-fotos.jpeg1_.jpg\" class=\"attachment-full size-full\" alt=\"\" srcset=\"https:\/\/archive.sana.sy\/es\/wp-content\/uploads\/2023\/03\/Jovenes-solidarios-de-10-paises-arabes-llegan-a-Siria-fotos.jpeg1_.jpg 660w, https:\/\/archive.sana.sy\/es\/wp-content\/uploads\/2023\/03\/Jovenes-solidarios-de-10-paises-arabes-llegan-a-Siria-fotos.jpeg1_-300x200.jpg 300w, https:\/\/archive.sana.sy\/es\/wp-content\/uploads\/2023\/03\/Jovenes-solidarios-de-10-paises-arabes-llegan-a-Siria-fotos.jpeg1_-150x100.jpg 150w, https:\/\/archive.sana.sy\/es\/wp-content\/uploads\/2023\/03\/Jovenes-solidarios-de-10-paises-arabes-llegan-a-Siria-fotos.jpeg1_-310x205.jpg 310w\" sizes=\"(max-width: 660px) 100vw, 660px\" \/><\/a>\n\t\t\t<\/div><\/figure><figure class='gallery-item'>\n\t\t\t<div class='gallery-icon landscape'>\n\t\t\t\t<a href='https:\/\/archive.sana.sy\/es\/?attachment_id=290468'><img loading=\"lazy\" decoding=\"async\" width=\"660\" height=\"440\" src=\"https:\/\/archive.sana.sy\/es\/wp-content\/uploads\/2023\/03\/Jovenes-solidarios-de-10-paises-arabes-llegan-a-Siria-fotos.jpeg2_.jpg\" class=\"attachment-full size-full\" alt=\"\" srcset=\"https:\/\/archive.sana.sy\/es\/wp-content\/uploads\/2023\/03\/Jovenes-solidarios-de-10-paises-arabes-llegan-a-Siria-fotos.jpeg2_.jpg 660w, https:\/\/archive.sana.sy\/es\/wp-content\/uploads\/2023\/03\/Jovenes-solidarios-de-10-paises-arabes-llegan-a-Siria-fotos.jpeg2_-300x200.jpg 300w, https:\/\/archive.sana.sy\/es\/wp-content\/uploads\/2023\/03\/Jovenes-solidarios-de-10-paises-arabes-llegan-a-Siria-fotos.jpeg2_-150x100.jpg 150w\" sizes=\"(max-width: 660px) 100vw, 660px\" \/><\/a>\n\t\t\t<\/div><\/figure><figure class='gallery-item'>\n\t\t\t<div class='gallery-icon landscape'>\n\t\t\t\t<a href='https:\/\/archive.sana.sy\/es\/?attachment_id=290469'><img loading=\"lazy\" decoding=\"async\" width=\"660\" height=\"439\" src=\"https:\/\/archive.sana.sy\/es\/wp-content\/uploads\/2023\/03\/Jovenes-solidarios-de-10-paises-arabes-llegan-a-Siria-fotos.jpeg3_.jpg\" class=\"attachment-full size-full\" alt=\"\" srcset=\"https:\/\/archive.sana.sy\/es\/wp-content\/uploads\/2023\/03\/Jovenes-solidarios-de-10-paises-arabes-llegan-a-Siria-fotos.jpeg3_.jpg 660w, https:\/\/archive.sana.sy\/es\/wp-content\/uploads\/2023\/03\/Jovenes-solidarios-de-10-paises-arabes-llegan-a-Siria-fotos.jpeg3_-300x200.jpg 300w, https:\/\/archive.sana.sy\/es\/wp-content\/uploads\/2023\/03\/Jovenes-solidarios-de-10-paises-arabes-llegan-a-Siria-fotos.jpeg3_-150x100.jpg 150w, https:\/\/archive.sana.sy\/es\/wp-content\/uploads\/2023\/03\/Jovenes-solidarios-de-10-paises-arabes-llegan-a-Siria-fotos.jpeg3_-310x205.jpg 310w\" sizes=\"(max-width: 660px) 100vw, 660px\" \/><\/a>\n\t\t\t<\/div><\/figure><figure class='gallery-item'>\n\t\t\t<div class='gallery-icon landscape'>\n\t\t\t\t<a href='https:\/\/archive.sana.sy\/es\/?attachment_id=290470'><img loading=\"lazy\" decoding=\"async\" width=\"660\" height=\"431\" src=\"https:\/\/archive.sana.sy\/es\/wp-content\/uploads\/2023\/03\/Jovenes-solidarios-de-10-paises-arabes-llegan-a-Siria-fotos.jpeg4_.jpg\" class=\"attachment-full size-full\" alt=\"\" srcset=\"https:\/\/archive.sana.sy\/es\/wp-content\/uploads\/2023\/03\/Jovenes-solidarios-de-10-paises-arabes-llegan-a-Siria-fotos.jpeg4_.jpg 660w, https:\/\/archive.sana.sy\/es\/wp-content\/uploads\/2023\/03\/Jovenes-solidarios-de-10-paises-arabes-llegan-a-Siria-fotos.jpeg4_-300x196.jpg 300w, https:\/\/archive.sana.sy\/es\/wp-content\/uploads\/2023\/03\/Jovenes-solidarios-de-10-paises-arabes-llegan-a-Siria-fotos.jpeg4_-150x98.jpg 150w\" sizes=\"(max-width: 660px) 100vw, 660px\" \/><\/a>\n\t\t\t<\/div><\/figure><figure class='gallery-item'>\n\t\t\t<div class='gallery-icon landscape'>\n\t\t\t\t<a href='https:\/\/archive.sana.sy\/es\/?attachment_id=290471'><img loading=\"lazy\" decoding=\"async\" width=\"660\" height=\"440\" src=\"https:\/\/archive.sana.sy\/es\/wp-content\/uploads\/2023\/03\/Jovenes-solidarios-de-10-paises-arabes-llegan-a-Siria-fotos.jpeg5_.jpg\" class=\"attachment-full size-full\" alt=\"\" srcset=\"https:\/\/archive.sana.sy\/es\/wp-content\/uploads\/2023\/03\/Jovenes-solidarios-de-10-paises-arabes-llegan-a-Siria-fotos.jpeg5_.jpg 660w, https:\/\/archive.sana.sy\/es\/wp-content\/uploads\/2023\/03\/Jovenes-solidarios-de-10-paises-arabes-llegan-a-Siria-fotos.jpeg5_-300x200.jpg 300w, https:\/\/archive.sana.sy\/es\/wp-content\/uploads\/2023\/03\/Jovenes-solidarios-de-10-paises-arabes-llegan-a-Siria-fotos.jpeg5_-150x100.jpg 150w\" sizes=\"(max-width: 660px) 100vw, 660px\" \/><\/a>\n\t\t\t<\/div><\/figure><figure class='gallery-item'>\n\t\t\t<div class='gallery-icon landscape'>\n\t\t\t\t<a href='https:\/\/archive.sana.sy\/es\/?attachment_id=290472'><img loading=\"lazy\" decoding=\"async\" width=\"660\" height=\"413\" src=\"https:\/\/archive.sana.sy\/es\/wp-content\/uploads\/2023\/03\/Jovenes-solidarios-de-10-paises-arabes-llegan-a-Siria-fotos.jpeg6_.jpg\" class=\"attachment-full size-full\" alt=\"\" srcset=\"https:\/\/archive.sana.sy\/es\/wp-content\/uploads\/2023\/03\/Jovenes-solidarios-de-10-paises-arabes-llegan-a-Siria-fotos.jpeg6_.jpg 660w, https:\/\/archive.sana.sy\/es\/wp-content\/uploads\/2023\/03\/Jovenes-solidarios-de-10-paises-arabes-llegan-a-Siria-fotos.jpeg6_-300x188.jpg 300w, https:\/\/archive.sana.sy\/es\/wp-content\/uploads\/2023\/03\/Jovenes-solidarios-de-10-paises-arabes-llegan-a-Siria-fotos.jpeg6_-150x94.jpg 150w\" sizes=\"(max-width: 660px) 100vw, 660px\" \/><\/a>\n\t\t\t<\/div><\/figure><figure class='gallery-item'>\n\t\t\t<div class='gallery-icon landscape'>\n\t\t\t\t<a href='https:\/\/archive.sana.sy\/es\/?attachment_id=290473'><img loading=\"lazy\" decoding=\"async\" width=\"660\" height=\"440\" src=\"https:\/\/archive.sana.sy\/es\/wp-content\/uploads\/2023\/03\/Jovenes-solidarios-de-10-paises-arabes-llegan-a-Siria-fotos.jpeg7_.jpg\" class=\"attachment-full size-full\" alt=\"\" srcset=\"https:\/\/archive.sana.sy\/es\/wp-content\/uploads\/2023\/03\/Jovenes-solidarios-de-10-paises-arabes-llegan-a-Siria-fotos.jpeg7_.jpg 660w, https:\/\/archive.sana.sy\/es\/wp-content\/uploads\/2023\/03\/Jovenes-solidarios-de-10-paises-arabes-llegan-a-Siria-fotos.jpeg7_-300x200.jpg 300w, https:\/\/archive.sana.sy\/es\/wp-content\/uploads\/2023\/03\/Jovenes-solidarios-de-10-paises-arabes-llegan-a-Siria-fotos.jpeg7_-150x100.jpg 150w\" sizes=\"(max-width: 660px) 100vw, 660px\" \/><\/a>\n\t\t\t<\/div><\/figure><figure class='gallery-item'>\n\t\t\t<div class='gallery-icon landscape'>\n\t\t\t\t<a href='https:\/\/archive.sana.sy\/es\/?attachment_id=290474'><img loading=\"lazy\" decoding=\"async\" width=\"660\" height=\"436\" src=\"https:\/\/archive.sana.sy\/es\/wp-content\/uploads\/2023\/03\/Jovenes-solidarios-de-10-paises-arabes-llegan-a-Siria-fotos.jpeg8_.jpg\" class=\"attachment-full size-full\" alt=\"\" srcset=\"https:\/\/archive.sana.sy\/es\/wp-content\/uploads\/2023\/03\/Jovenes-solidarios-de-10-paises-arabes-llegan-a-Siria-fotos.jpeg8_.jpg 660w, https:\/\/archive.sana.sy\/es\/wp-content\/uploads\/2023\/03\/Jovenes-solidarios-de-10-paises-arabes-llegan-a-Siria-fotos.jpeg8_-300x198.jpg 300w, https:\/\/archive.sana.sy\/es\/wp-content\/uploads\/2023\/03\/Jovenes-solidarios-de-10-paises-arabes-llegan-a-Siria-fotos.jpeg8_-150x99.jpg 150w, https:\/\/archive.sana.sy\/es\/wp-content\/uploads\/2023\/03\/Jovenes-solidarios-de-10-paises-arabes-llegan-a-Siria-fotos.jpeg8_-310x205.jpg 310w\" sizes=\"(max-width: 660px) 100vw, 660px\" \/><\/a>\n\t\t\t<\/div><\/figure>\n\t\t<\/div>\n\n<p style=\"text-align: justify;\">fm\/sm<\/p>\n","protected":false},"excerpt":{"rendered":"<p>\u201cHa llegado el momento de unir los esfuerzos para romper el cerco, porque lo que est\u00e1 pasando en Siria es un crimen de lesa humanidad\u201d Damasco, 10 mar (SANA)\u00a0\u00a0 Delegaciones estudiantiles de diferentes pa\u00edses \u00e1rabes visitaron hoy el Monumento al Soldado Desconocido ubicado en el Monte Qassiun en Damasco donde depositaron una ofrenda floral. 92 &hellip;<\/p>\n","protected":false},"author":39,"featured_media":290493,"comment_status":"closed","ping_status":"closed","sticky":false,"template":"","format":"standard","meta":{"footnotes":""},"categories":[477,597,467,583],"tags":[],"class_list":["post-290465","post","type-post","status-publish","format-standard","has-post-thumbnail","","category-noticias-edulcorantes","category-cinta-de-noticias","category-siria-y-el-mundo","category-slide"],"_links":{"self":[{"href":"https:\/\/archive.sana.sy\/es\/index.php?rest_route=\/wp\/v2\/posts\/290465"}],"collection":[{"href":"https:\/\/archive.sana.sy\/es\/index.php?rest_route=\/wp\/v2\/posts"}],"about":[{"href":"https:\/\/archive.sana.sy\/es\/index.php?rest_route=\/wp\/v2\/types\/post"}],"author":[{"embeddable":true,"href":"https:\/\/archive.sana.sy\/es\/index.php?rest_route=\/wp\/v2\/users\/39"}],"replies":[{"embeddable":true,"href":"https:\/\/archive.sana.sy\/es\/index.php?rest_route=%2Fwp%2Fv2%2Fcomments&post=290465"}],"version-history":[{"count":0,"href":"https:\/\/archive.sana.sy\/es\/index.php?rest_route=\/wp\/v2\/posts\/290465\/revisions"}],"wp:featuredmedia":[{"embeddable":true,"href":"https:\/\/archive.sana.sy\/es\/index.php?rest_route=\/wp\/v2\/media\/290493"}],"wp:attachment":[{"href":"https:\/\/archive.sana.sy\/es\/index.php?rest_route=%2Fwp%2Fv2%2Fmedia&parent=290465"}],"wp:term":[{"taxonomy":"category","embeddable":true,"href":"https:\/\/archive.sana.sy\/es\/index.php?rest_route=%2Fwp%2Fv2%2Fcategories&post=290465"},{"taxonomy":"post_tag","embeddable":true,"href":"https:\/\/archive.sana.sy\/es\/index.php?rest_route=%2Fwp%2Fv2%2Ftags&post=290465"}],"curies":[{"name":"wp","href":"https:\/\/api.w.org\/{rel}","templated":true}]}}