{"id":290476,"date":"2023-03-10T15:48:38","date_gmt":"2023-03-10T12:48:38","guid":{"rendered":"https:\/\/sana.sy\/es\/?p=290476"},"modified":"2023-03-10T15:48:38","modified_gmt":"2023-03-10T12:48:38","slug":"iran-y-arabia-saudi-reanudan-relaciones-bilaterales","status":"publish","type":"post","link":"https:\/\/archive.sana.sy\/es\/?p=290476","title":{"rendered":"Ir\u00e1n y Arabia Saud\u00ed reanudan relaciones bilaterales"},"content":{"rendered":"<blockquote>\n<p style=\"text-align: justify;\"><em><span style=\"color: #800000;\">El secretario del Consejo Supremo de Seguridad Nacional de Ir\u00e1n, Ali Shamjani, y su hom\u00f3logo saud\u00ed, Musaed bin Mohammed al-Aiban, anunciaron oficialmente el acuerdo alcanzado para retomar los lazos entre ambos pa\u00edses.<\/span><\/em><\/p>\n<\/blockquote>\n<p style=\"text-align: justify;\"><span style=\"color: #800000;\"><strong>Pek\u00edn, 10 mar (SANA)<\/strong> <\/span>Ir\u00e1n y Arabia Saud\u00ed firmaron hoy un acuerdo para reanudar las relaciones bilaterales tras negociaciones efectuadas en Pek\u00edn, capital china.<\/p>\n<p style=\"text-align: justify;\">El secretario del Consejo Supremo de Seguridad Nacional de Ir\u00e1n, Ali Shamjani, y su hom\u00f3logo saud\u00ed, Musaed bin Mohammed al-Aiban, anunciaron oficialmente el acuerdo alcanzado para retomar los lazos entre ambos pa\u00edses.<\/p>\n<p style=\"text-align: justify;\">El pronunciamiento de los dos funcionarios ocurri\u00f3 tras la firma de un comunicado conjunto entre Ir\u00e1n, Arabia Saud\u00ed y China.<\/p>\n<p style=\"text-align: justify;\">fm\/sm<\/p>\n<p style=\"text-align: justify;\">\n","protected":false},"excerpt":{"rendered":"<p>El secretario del Consejo Supremo de Seguridad Nacional de Ir\u00e1n, Ali Shamjani, y su hom\u00f3logo saud\u00ed, Musaed bin Mohammed al-Aiban, anunciaron oficialmente el acuerdo alcanzado para retomar los lazos entre ambos pa\u00edses. Pek\u00edn, 10 mar (SANA) Ir\u00e1n y Arabia Saud\u00ed firmaron hoy un acuerdo para reanudar las relaciones bilaterales tras negociaciones efectuadas en Pek\u00edn, capital &hellip;<\/p>\n","protected":false},"author":39,"featured_media":290477,"comment_status":"closed","ping_status":"closed","sticky":false,"template":"","format":"standard","meta":{"footnotes":""},"categories":[597,456,16687,20724,7541],"tags":[],"class_list":["post-290476","post","type-post","status-publish","format-standard","has-post-thumbnail","","category-cinta-de-noticias","category-arabe-internacional-politica","category-internacionales","category-minuto-a-minuto","category-ultimas-noticias"],"_links":{"self":[{"href":"https:\/\/archive.sana.sy\/es\/index.php?rest_route=\/wp\/v2\/posts\/290476"}],"collection":[{"href":"https:\/\/archive.sana.sy\/es\/index.php?rest_route=\/wp\/v2\/posts"}],"about":[{"href":"https:\/\/archive.sana.sy\/es\/index.php?rest_route=\/wp\/v2\/types\/post"}],"author":[{"embeddable":true,"href":"https:\/\/archive.sana.sy\/es\/index.php?rest_route=\/wp\/v2\/users\/39"}],"replies":[{"embeddable":true,"href":"https:\/\/archive.sana.sy\/es\/index.php?rest_route=%2Fwp%2Fv2%2Fcomments&post=290476"}],"version-history":[{"count":0,"href":"https:\/\/archive.sana.sy\/es\/index.php?rest_route=\/wp\/v2\/posts\/290476\/revisions"}],"wp:featuredmedia":[{"embeddable":true,"href":"https:\/\/archive.sana.sy\/es\/index.php?rest_route=\/wp\/v2\/media\/290477"}],"wp:attachment":[{"href":"https:\/\/archive.sana.sy\/es\/index.php?rest_route=%2Fwp%2Fv2%2Fmedia&parent=290476"}],"wp:term":[{"taxonomy":"category","embeddable":true,"href":"https:\/\/archive.sana.sy\/es\/index.php?rest_route=%2Fwp%2Fv2%2Fcategories&post=290476"},{"taxonomy":"post_tag","embeddable":true,"href":"https:\/\/archive.sana.sy\/es\/index.php?rest_route=%2Fwp%2Fv2%2Ftags&post=290476"}],"curies":[{"name":"wp","href":"https:\/\/api.w.org\/{rel}","templated":true}]}}