{"id":290541,"date":"2023-03-11T12:25:09","date_gmt":"2023-03-11T09:25:09","guid":{"rendered":"https:\/\/sana.sy\/es\/?p=290541"},"modified":"2023-03-11T12:57:38","modified_gmt":"2023-03-11T09:57:38","slug":"sindicalistas-checos-ratifican-apoyo-a-siria","status":"publish","type":"post","link":"https:\/\/archive.sana.sy\/es\/?p=290541","title":{"rendered":"Sindicalistas progresistas checos ratifican apoyo a Siria"},"content":{"rendered":"<blockquote>\n<p style=\"text-align: justify;\"><span style=\"color: #993300;\">\u201cLos sindicalistas checos apoyan a Siria en la defensa de su soberan\u00eda e integridad territorial, y exigen la no injerencia en sus asuntos internos\u201d<\/span><\/p>\n<\/blockquote>\n<p style=\"text-align: justify;\"><span style=\"color: #800000;\"><strong>Praga, 11 mar (SANA)<\/strong><\/span> \u00a0La Agrupaci\u00f3n Sindical de la Rep\u00fablica Checa \u201cMoravia y Selzko\u201d reiter\u00f3 que los sindicalistas progresistas checos<br \/>\nEn una declaraci\u00f3n al corresponsal de SANA en Praga, el secretario ejecutivo de la Agrupaci\u00f3n, Martin Bich, resalt\u00f3 la necesidad de detener los ataques israel\u00edes contra Siria y poner fin a la ocupaci\u00f3n estadounidense de parte de su territorio.<\/p>\n<p style=\"text-align: justify;\">\u201cLos sindicalistas checos apoyan todo esfuerzo para poner fin del bloqueo y las sanciones impuestas por los pa\u00edses occidentales\u201d, destac\u00f3.<\/p>\n<p style=\"text-align: justify;\">Bich conden\u00f3 la reciente agresi\u00f3n israel\u00ed contra el Aeropuerto Internacional de Alepo y la calific\u00f3 de terrorismo de Estado que no puede ser aceptada en absoluto.<\/p>\n<p style=\"text-align: justify;\">Fustig\u00f3 que la entidad israel\u00ed se est\u00e1 aprovechando de la situaci\u00f3n humanitaria tras el devastador terremoto para escalar contra Siria.<\/p>\n<p style=\"text-align: justify;\"><em><strong>ah\/fm<\/strong><\/em><\/p>\n","protected":false},"excerpt":{"rendered":"<p>\u201cLos sindicalistas checos apoyan a Siria en la defensa de su soberan\u00eda e integridad territorial, y exigen la no injerencia en sus asuntos internos\u201d Praga, 11 mar (SANA) \u00a0La Agrupaci\u00f3n Sindical de la Rep\u00fablica Checa \u201cMoravia y Selzko\u201d reiter\u00f3 que los sindicalistas progresistas checos En una declaraci\u00f3n al corresponsal de SANA en Praga, el secretario &hellip;<\/p>\n","protected":false},"author":30,"featured_media":290542,"comment_status":"closed","ping_status":"closed","sticky":false,"template":"","format":"standard","meta":{"footnotes":""},"categories":[597,20724,467,7541],"tags":[],"class_list":["post-290541","post","type-post","status-publish","format-standard","has-post-thumbnail","","category-cinta-de-noticias","category-minuto-a-minuto","category-siria-y-el-mundo","category-ultimas-noticias"],"_links":{"self":[{"href":"https:\/\/archive.sana.sy\/es\/index.php?rest_route=\/wp\/v2\/posts\/290541"}],"collection":[{"href":"https:\/\/archive.sana.sy\/es\/index.php?rest_route=\/wp\/v2\/posts"}],"about":[{"href":"https:\/\/archive.sana.sy\/es\/index.php?rest_route=\/wp\/v2\/types\/post"}],"author":[{"embeddable":true,"href":"https:\/\/archive.sana.sy\/es\/index.php?rest_route=\/wp\/v2\/users\/30"}],"replies":[{"embeddable":true,"href":"https:\/\/archive.sana.sy\/es\/index.php?rest_route=%2Fwp%2Fv2%2Fcomments&post=290541"}],"version-history":[{"count":0,"href":"https:\/\/archive.sana.sy\/es\/index.php?rest_route=\/wp\/v2\/posts\/290541\/revisions"}],"wp:featuredmedia":[{"embeddable":true,"href":"https:\/\/archive.sana.sy\/es\/index.php?rest_route=\/wp\/v2\/media\/290542"}],"wp:attachment":[{"href":"https:\/\/archive.sana.sy\/es\/index.php?rest_route=%2Fwp%2Fv2%2Fmedia&parent=290541"}],"wp:term":[{"taxonomy":"category","embeddable":true,"href":"https:\/\/archive.sana.sy\/es\/index.php?rest_route=%2Fwp%2Fv2%2Fcategories&post=290541"},{"taxonomy":"post_tag","embeddable":true,"href":"https:\/\/archive.sana.sy\/es\/index.php?rest_route=%2Fwp%2Fv2%2Ftags&post=290541"}],"curies":[{"name":"wp","href":"https:\/\/api.w.org\/{rel}","templated":true}]}}