{"id":290546,"date":"2023-03-11T13:08:24","date_gmt":"2023-03-11T10:08:24","guid":{"rendered":"https:\/\/sana.sy\/es\/?p=290546"},"modified":"2023-03-11T13:13:15","modified_gmt":"2023-03-11T10:13:15","slug":"campana-de-apoyo-psicosocial-dirigida-a-ninos-afectados-por-los-terremotos-fotos","status":"publish","type":"post","link":"https:\/\/archive.sana.sy\/es\/?p=290546","title":{"rendered":"Campa\u00f1a de apoyo psicosocial dirigida a ni\u00f1os afectados por los terremotos (+ fotos)"},"content":{"rendered":"<blockquote>\n<p style=\"text-align: justify;\"><span style=\"color: #993300;\">La campa\u00f1a que se lleva a cabo en las gobernaciones afectadas por los terremotos, incluye lecciones de m\u00fasica, dibujo, teatro de sombras y deporte que ayudan a los ni\u00f1os a superar las traumas y momentos dif\u00edciles que atravesaron.<\/span><\/p>\n<\/blockquote>\n<p style=\"text-align: justify;\"><span style=\"color: #800000;\"><strong>Alepo, 11 mar (SANA)<\/strong><\/span> La Direcci\u00f3n de Educaci\u00f3n de Alepo lanz\u00f3 una campa\u00f1a de apoyo psicosocial para los ni\u00f1os afectados por el terremoto, que incluye la provisi\u00f3n de actividades de apoyo psicol\u00f3gico y f\u00edsico.<\/p>\n<p style=\"text-align: justify;\">La campa\u00f1a es implementada por un equipo educativo conjunto de la Direcci\u00f3n provincial de Educaci\u00f3n, de la Juventud Revolucionaria, del Sindicato de Maestros y de la Secretar\u00eda Siria para el Desarrollo.<\/p>\n<p style=\"text-align: justify;\">La directora de Salud Escolar del Ministerio de Educaci\u00f3n, Hatun Al-Tawashi, indic\u00f3 en una declaraci\u00f3n a SANA que la campa\u00f1a incluye lecciones de m\u00fasica, dibujo, teatro de sombras y deporte que ayudan a los ni\u00f1os a superar las traumas y momentos dif\u00edciles que atravesaron.<\/p>\n<p style=\"text-align: justify;\">\u201cLos equipos de salud escolar y asesoramiento psicol\u00f3gico implementaron campa\u00f1as de Alepo, Hama, Latakia e Idlib, que incluyeron atenci\u00f3n primaria de salud, monitoreo de casos y prestaci\u00f3n de servicios de tratamiento a trav\u00e9s de equipos capacitados en cooperaci\u00f3n con la Organizaci\u00f3n Mundial de la Salud\u201d, destac\u00f3.<\/p>\n<p style=\"text-align: justify;\">A su vez, el director provincial de Educaci\u00f3n, Mustafa Abdel Ghani, destac\u00f3 el entusiasmo del Ministerio por brindar apoyo psicol\u00f3gico y f\u00edsico a los estudiantes afectados por el terremoto para eliminar los efectos negativos de lo que sufrieron de traumas severos, y brindarles apoyo psicol\u00f3gico a ellos y a sus familias.<\/p>\n<p style=\"text-align: justify;\"><em><strong>ah\/fm<\/strong><\/em><\/p>\n<div id='gallery-1' class='gallery galleryid-290546 gallery-columns-1 gallery-size-full'><figure class='gallery-item'>\n\t\t\t<div class='gallery-icon landscape'>\n\t\t\t\t<a href='https:\/\/archive.sana.sy\/es\/wp-content\/uploads\/2023\/03\/20230305230721_IMG_3728-scaled.jpg'><img loading=\"lazy\" decoding=\"async\" width=\"2560\" height=\"1400\" src=\"https:\/\/archive.sana.sy\/es\/wp-content\/uploads\/2023\/03\/20230305230721_IMG_3728-scaled.jpg\" class=\"attachment-full size-full\" alt=\"\" aria-describedby=\"gallery-1-290548\" srcset=\"https:\/\/archive.sana.sy\/es\/wp-content\/uploads\/2023\/03\/20230305230721_IMG_3728-scaled.jpg 2560w, https:\/\/archive.sana.sy\/es\/wp-content\/uploads\/2023\/03\/20230305230721_IMG_3728-300x164.jpg 300w, https:\/\/archive.sana.sy\/es\/wp-content\/uploads\/2023\/03\/20230305230721_IMG_3728-1024x560.jpg 1024w, https:\/\/archive.sana.sy\/es\/wp-content\/uploads\/2023\/03\/20230305230721_IMG_3728-150x82.jpg 150w, https:\/\/archive.sana.sy\/es\/wp-content\/uploads\/2023\/03\/20230305230721_IMG_3728-768x420.jpg 768w, https:\/\/archive.sana.sy\/es\/wp-content\/uploads\/2023\/03\/20230305230721_IMG_3728-1536x840.jpg 1536w, https:\/\/archive.sana.sy\/es\/wp-content\/uploads\/2023\/03\/20230305230721_IMG_3728-2048x1120.jpg 2048w\" sizes=\"(max-width: 2560px) 100vw, 2560px\" \/><\/a>\n\t\t\t<\/div>\n\t\t\t\t<figcaption class='wp-caption-text gallery-caption' id='gallery-1-290548'>\n\t\t\t\tActividades de la campa\u00f1a de apoyo psicosocial dirigida a ni\u00f1os afectados por los terremotos \n\t\t\t\t<\/figcaption><\/figure><figure class='gallery-item'>\n\t\t\t<div class='gallery-icon landscape'>\n\t\t\t\t<a href='https:\/\/archive.sana.sy\/es\/wp-content\/uploads\/2023\/03\/20230305232446_IMG_3781-scaled.jpg'><img loading=\"lazy\" decoding=\"async\" width=\"2560\" height=\"1421\" src=\"https:\/\/archive.sana.sy\/es\/wp-content\/uploads\/2023\/03\/20230305232446_IMG_3781-scaled.jpg\" class=\"attachment-full size-full\" alt=\"\" aria-describedby=\"gallery-1-290549\" srcset=\"https:\/\/archive.sana.sy\/es\/wp-content\/uploads\/2023\/03\/20230305232446_IMG_3781-scaled.jpg 2560w, https:\/\/archive.sana.sy\/es\/wp-content\/uploads\/2023\/03\/20230305232446_IMG_3781-300x166.jpg 300w, https:\/\/archive.sana.sy\/es\/wp-content\/uploads\/2023\/03\/20230305232446_IMG_3781-1024x568.jpg 1024w, https:\/\/archive.sana.sy\/es\/wp-content\/uploads\/2023\/03\/20230305232446_IMG_3781-150x83.jpg 150w, https:\/\/archive.sana.sy\/es\/wp-content\/uploads\/2023\/03\/20230305232446_IMG_3781-768x426.jpg 768w, https:\/\/archive.sana.sy\/es\/wp-content\/uploads\/2023\/03\/20230305232446_IMG_3781-1536x852.jpg 1536w, https:\/\/archive.sana.sy\/es\/wp-content\/uploads\/2023\/03\/20230305232446_IMG_3781-2048x1136.jpg 2048w\" sizes=\"(max-width: 2560px) 100vw, 2560px\" \/><\/a>\n\t\t\t<\/div>\n\t\t\t\t<figcaption class='wp-caption-text gallery-caption' id='gallery-1-290549'>\n\t\t\t\tActividades de la campa\u00f1a de apoyo psicosocial dirigida a ni\u00f1os afectados por los terremotos \n\t\t\t\t<\/figcaption><\/figure><figure class='gallery-item'>\n\t\t\t<div class='gallery-icon landscape'>\n\t\t\t\t<a href='https:\/\/archive.sana.sy\/es\/wp-content\/uploads\/2023\/03\/20230305235616_IMG_3830-scaled.jpg'><img loading=\"lazy\" decoding=\"async\" width=\"2560\" height=\"1619\" src=\"https:\/\/archive.sana.sy\/es\/wp-content\/uploads\/2023\/03\/20230305235616_IMG_3830-scaled.jpg\" class=\"attachment-full size-full\" alt=\"\" aria-describedby=\"gallery-1-290550\" srcset=\"https:\/\/archive.sana.sy\/es\/wp-content\/uploads\/2023\/03\/20230305235616_IMG_3830-scaled.jpg 2560w, https:\/\/archive.sana.sy\/es\/wp-content\/uploads\/2023\/03\/20230305235616_IMG_3830-300x190.jpg 300w, https:\/\/archive.sana.sy\/es\/wp-content\/uploads\/2023\/03\/20230305235616_IMG_3830-1024x648.jpg 1024w, https:\/\/archive.sana.sy\/es\/wp-content\/uploads\/2023\/03\/20230305235616_IMG_3830-150x95.jpg 150w, https:\/\/archive.sana.sy\/es\/wp-content\/uploads\/2023\/03\/20230305235616_IMG_3830-768x486.jpg 768w, https:\/\/archive.sana.sy\/es\/wp-content\/uploads\/2023\/03\/20230305235616_IMG_3830-1536x972.jpg 1536w, https:\/\/archive.sana.sy\/es\/wp-content\/uploads\/2023\/03\/20230305235616_IMG_3830-2048x1295.jpg 2048w\" sizes=\"(max-width: 2560px) 100vw, 2560px\" \/><\/a>\n\t\t\t<\/div>\n\t\t\t\t<figcaption class='wp-caption-text gallery-caption' id='gallery-1-290550'>\n\t\t\t\tActividades de la campa\u00f1a de apoyo psicosocial dirigida a ni\u00f1os afectados por los terremotos \n\t\t\t\t<\/figcaption><\/figure><figure class='gallery-item'>\n\t\t\t<div class='gallery-icon landscape'>\n\t\t\t\t<a href='https:\/\/archive.sana.sy\/es\/wp-content\/uploads\/2023\/03\/20230306000431_IMG_3869-scaled.jpg'><img loading=\"lazy\" decoding=\"async\" width=\"2560\" height=\"1678\" src=\"https:\/\/archive.sana.sy\/es\/wp-content\/uploads\/2023\/03\/20230306000431_IMG_3869-scaled.jpg\" class=\"attachment-full size-full\" alt=\"\" aria-describedby=\"gallery-1-290551\" srcset=\"https:\/\/archive.sana.sy\/es\/wp-content\/uploads\/2023\/03\/20230306000431_IMG_3869-scaled.jpg 2560w, https:\/\/archive.sana.sy\/es\/wp-content\/uploads\/2023\/03\/20230306000431_IMG_3869-300x197.jpg 300w, https:\/\/archive.sana.sy\/es\/wp-content\/uploads\/2023\/03\/20230306000431_IMG_3869-1024x671.jpg 1024w, https:\/\/archive.sana.sy\/es\/wp-content\/uploads\/2023\/03\/20230306000431_IMG_3869-150x98.jpg 150w, https:\/\/archive.sana.sy\/es\/wp-content\/uploads\/2023\/03\/20230306000431_IMG_3869-768x503.jpg 768w, https:\/\/archive.sana.sy\/es\/wp-content\/uploads\/2023\/03\/20230306000431_IMG_3869-1536x1007.jpg 1536w, https:\/\/archive.sana.sy\/es\/wp-content\/uploads\/2023\/03\/20230306000431_IMG_3869-2048x1342.jpg 2048w\" sizes=\"(max-width: 2560px) 100vw, 2560px\" \/><\/a>\n\t\t\t<\/div>\n\t\t\t\t<figcaption class='wp-caption-text gallery-caption' id='gallery-1-290551'>\n\t\t\t\tActividades de la campa\u00f1a de apoyo psicosocial dirigida a ni\u00f1os afectados por los terremotos \n\t\t\t\t<\/figcaption><\/figure>\n\t\t<\/div>\n\n","protected":false},"excerpt":{"rendered":"<p>La campa\u00f1a que se lleva a cabo en las gobernaciones afectadas por los terremotos, incluye lecciones de m\u00fasica, dibujo, teatro de sombras y deporte que ayudan a los ni\u00f1os a superar las traumas y momentos dif\u00edciles que atravesaron. Alepo, 11 mar (SANA) La Direcci\u00f3n de Educaci\u00f3n de Alepo lanz\u00f3 una campa\u00f1a de apoyo psicosocial para &hellip;<\/p>\n","protected":false},"author":30,"featured_media":290552,"comment_status":"closed","ping_status":"closed","sticky":false,"template":"","format":"standard","meta":{"footnotes":""},"categories":[477,597,20724,476,583],"tags":[],"class_list":["post-290546","post","type-post","status-publish","format-standard","has-post-thumbnail","","category-noticias-edulcorantes","category-cinta-de-noticias","category-minuto-a-minuto","category-locales","category-slide"],"_links":{"self":[{"href":"https:\/\/archive.sana.sy\/es\/index.php?rest_route=\/wp\/v2\/posts\/290546"}],"collection":[{"href":"https:\/\/archive.sana.sy\/es\/index.php?rest_route=\/wp\/v2\/posts"}],"about":[{"href":"https:\/\/archive.sana.sy\/es\/index.php?rest_route=\/wp\/v2\/types\/post"}],"author":[{"embeddable":true,"href":"https:\/\/archive.sana.sy\/es\/index.php?rest_route=\/wp\/v2\/users\/30"}],"replies":[{"embeddable":true,"href":"https:\/\/archive.sana.sy\/es\/index.php?rest_route=%2Fwp%2Fv2%2Fcomments&post=290546"}],"version-history":[{"count":0,"href":"https:\/\/archive.sana.sy\/es\/index.php?rest_route=\/wp\/v2\/posts\/290546\/revisions"}],"wp:featuredmedia":[{"embeddable":true,"href":"https:\/\/archive.sana.sy\/es\/index.php?rest_route=\/wp\/v2\/media\/290552"}],"wp:attachment":[{"href":"https:\/\/archive.sana.sy\/es\/index.php?rest_route=%2Fwp%2Fv2%2Fmedia&parent=290546"}],"wp:term":[{"taxonomy":"category","embeddable":true,"href":"https:\/\/archive.sana.sy\/es\/index.php?rest_route=%2Fwp%2Fv2%2Fcategories&post=290546"},{"taxonomy":"post_tag","embeddable":true,"href":"https:\/\/archive.sana.sy\/es\/index.php?rest_route=%2Fwp%2Fv2%2Ftags&post=290546"}],"curies":[{"name":"wp","href":"https:\/\/api.w.org\/{rel}","templated":true}]}}