{"id":290557,"date":"2023-03-11T19:20:52","date_gmt":"2023-03-11T16:20:52","guid":{"rendered":"https:\/\/sana.sy\/es\/?p=290557"},"modified":"2023-03-11T21:26:59","modified_gmt":"2023-03-11T18:26:59","slug":"delegaciones-juveniles-solidarias-con-siria-visitan-el-museo-nacional-fotos","status":"publish","type":"post","link":"https:\/\/archive.sana.sy\/es\/?p=290557","title":{"rendered":"Delegaciones juveniles solidarias con Siria visitan el Museo Nacional (+fotos)"},"content":{"rendered":"<p style=\"text-align: justify;\"><span style=\"color: #800000;\"><strong>Damasco, 11 mar (SANA)\u00a0 \u00a0<\/strong><\/span>Las delegaciones participantes en el Foro Juvenil de Solidaridad \u00c1rabe con Siria visitaron este s\u00e1bado el Museo Nacional de Damasco.<\/p>\n<p style=\"text-align: justify;\">92 j\u00f3venes de L\u00edbano, Jordania, Palestina, Egipto, Argelia, Irak, Yemen, Kuwait, Marruecos y Bahr\u00e9in participan en este Foro convocado por la Uni\u00f3n Nacional de Estudiantes Sirios y la Uni\u00f3n de la Juventud Revolucionaria, y pretende exigir el fin inmediato del asedio y de las medidas coercitivas unilaterales impuestas al pueblo sirio.<\/p>\n<p style=\"text-align: justify;\">En su discurso pronunciado la v\u00edspera en la apertura del evento, la presidenta de la Uni\u00f3n Nacional de Estudiantes Sirios, Dar\u00edn Suleiman, dijo que este foro es una oportunidad, plataforma y espacio para exigir el fin del bloqueo y las medidas coercitivas unilaterales impuestas a Siria, que afectaron la capacidad del pa\u00eds para hacer frente a las repercusiones del desastre del terremoto.<\/p>\n<p style=\"text-align: justify;\">A\u00f1adi\u00f3 que \u201cha llegado el momento de unir los esfuerzos para romper el cerco, porque lo que est\u00e1 pasando en Siria es un crimen de lesa humanidad\u201d.<\/p>\n<p style=\"text-align: justify;\">Mientras el liban\u00e9s Abdullah Abdel Hamid, el supervisor general del foro, asegur\u00f3 que Siria estuvo sujeta a una guerra global pero se mantuvo firme porque su pueblo no acept\u00f3 ni aceptar\u00e1 las conspiraciones externas, y su valiente ej\u00e9rcito hizo muchos sacrificios.<\/p>\n<p style=\"text-align: justify;\">rr\/fm<\/p>\n","protected":false},"excerpt":{"rendered":"<p>Damasco, 11 mar (SANA)\u00a0 \u00a0Las delegaciones participantes en el Foro Juvenil de Solidaridad \u00c1rabe con Siria visitaron este s\u00e1bado el Museo Nacional de Damasco. 92 j\u00f3venes de L\u00edbano, Jordania, Palestina, Egipto, Argelia, Irak, Yemen, Kuwait, Marruecos y Bahr\u00e9in participan en este Foro convocado por la Uni\u00f3n Nacional de Estudiantes Sirios y la Uni\u00f3n de la &hellip;<\/p>\n","protected":false},"author":31,"featured_media":290558,"comment_status":"closed","ping_status":"closed","sticky":false,"template":"","format":"standard","meta":{"footnotes":""},"categories":[597,476,7541],"tags":[21385,21024,19769,6553,20480],"class_list":["post-290557","post","type-post","status-publish","format-standard","has-post-thumbnail","","category-cinta-de-noticias","category-locales","category-ultimas-noticias","tag-arabe","tag-foro","tag-museo","tag-siria","tag-solidaridad"],"_links":{"self":[{"href":"https:\/\/archive.sana.sy\/es\/index.php?rest_route=\/wp\/v2\/posts\/290557"}],"collection":[{"href":"https:\/\/archive.sana.sy\/es\/index.php?rest_route=\/wp\/v2\/posts"}],"about":[{"href":"https:\/\/archive.sana.sy\/es\/index.php?rest_route=\/wp\/v2\/types\/post"}],"author":[{"embeddable":true,"href":"https:\/\/archive.sana.sy\/es\/index.php?rest_route=\/wp\/v2\/users\/31"}],"replies":[{"embeddable":true,"href":"https:\/\/archive.sana.sy\/es\/index.php?rest_route=%2Fwp%2Fv2%2Fcomments&post=290557"}],"version-history":[{"count":1,"href":"https:\/\/archive.sana.sy\/es\/index.php?rest_route=\/wp\/v2\/posts\/290557\/revisions"}],"predecessor-version":[{"id":290562,"href":"https:\/\/archive.sana.sy\/es\/index.php?rest_route=\/wp\/v2\/posts\/290557\/revisions\/290562"}],"wp:featuredmedia":[{"embeddable":true,"href":"https:\/\/archive.sana.sy\/es\/index.php?rest_route=\/wp\/v2\/media\/290558"}],"wp:attachment":[{"href":"https:\/\/archive.sana.sy\/es\/index.php?rest_route=%2Fwp%2Fv2%2Fmedia&parent=290557"}],"wp:term":[{"taxonomy":"category","embeddable":true,"href":"https:\/\/archive.sana.sy\/es\/index.php?rest_route=%2Fwp%2Fv2%2Fcategories&post=290557"},{"taxonomy":"post_tag","embeddable":true,"href":"https:\/\/archive.sana.sy\/es\/index.php?rest_route=%2Fwp%2Fv2%2Ftags&post=290557"}],"curies":[{"name":"wp","href":"https:\/\/api.w.org\/{rel}","templated":true}]}}