{"id":290570,"date":"2023-03-11T17:46:51","date_gmt":"2023-03-11T14:46:51","guid":{"rendered":"https:\/\/sana.sy\/es\/?p=290570"},"modified":"2023-03-11T17:46:51","modified_gmt":"2023-03-11T14:46:51","slug":"no-reconoceremos-a-israel-reafirma-canciller-pakistani","status":"publish","type":"post","link":"https:\/\/archive.sana.sy\/es\/?p=290570","title":{"rendered":"No reconoceremos a \u201cIsrael\u201d, reafirma canciller pakistan\u00ed"},"content":{"rendered":"<p style=\"text-align: justify;\"><span style=\"color: #800000;\"><strong>Islamabad, 11 mar (SANA)\u00a0<\/strong><\/span> \u00a0No hay ninguna posibilidad de reconocer la entidad del ocupante israel\u00ed, anunci\u00f3 este s\u00e1bado el ministro de Relaciones Exteriores de Pakist\u00e1n, Bilawal Bhutto Zardari, durante una conferencia de prensa en la sede de las Naciones Unidas en Nueva York.<\/p>\n<p style=\"text-align: justify;\">\u201cHay razones culturales e hist\u00f3ricas, adem\u00e1s de otras relacionadas con el pueblo paquistan\u00ed. Estamos orgullosos de haber decidido, hace un largo tiempo, no reconocer a los pa\u00edses del apartheid\u201d, cit\u00f3 Sputnik a Zardari.<\/p>\n<p style=\"text-align: justify;\">Agreg\u00f3 que &#8220;sol\u00edamos escribir en el pasaporte paquistan\u00ed que se permite viajar a todos los pa\u00edses excepto Sud\u00e1frica e \u201cIsrael\u201d. Actualmente escribimos que se permite viajar a todos los pa\u00edses excepto \u201cIsrael\u201d. Esta es la posici\u00f3n de Pakist\u00e1n&#8221;.<\/p>\n<p style=\"text-align: justify;\">rr\/fm<\/p>\n","protected":false},"excerpt":{"rendered":"<p>Islamabad, 11 mar (SANA)\u00a0 \u00a0No hay ninguna posibilidad de reconocer la entidad del ocupante israel\u00ed, anunci\u00f3 este s\u00e1bado el ministro de Relaciones Exteriores de Pakist\u00e1n, Bilawal Bhutto Zardari, durante una conferencia de prensa en la sede de las Naciones Unidas en Nueva York. \u201cHay razones culturales e hist\u00f3ricas, adem\u00e1s de otras relacionadas con el pueblo &hellip;<\/p>\n","protected":false},"author":31,"featured_media":290572,"comment_status":"closed","ping_status":"closed","sticky":false,"template":"","format":"standard","meta":{"footnotes":""},"categories":[597,456,16687],"tags":[],"class_list":["post-290570","post","type-post","status-publish","format-standard","has-post-thumbnail","","category-cinta-de-noticias","category-arabe-internacional-politica","category-internacionales"],"_links":{"self":[{"href":"https:\/\/archive.sana.sy\/es\/index.php?rest_route=\/wp\/v2\/posts\/290570"}],"collection":[{"href":"https:\/\/archive.sana.sy\/es\/index.php?rest_route=\/wp\/v2\/posts"}],"about":[{"href":"https:\/\/archive.sana.sy\/es\/index.php?rest_route=\/wp\/v2\/types\/post"}],"author":[{"embeddable":true,"href":"https:\/\/archive.sana.sy\/es\/index.php?rest_route=\/wp\/v2\/users\/31"}],"replies":[{"embeddable":true,"href":"https:\/\/archive.sana.sy\/es\/index.php?rest_route=%2Fwp%2Fv2%2Fcomments&post=290570"}],"version-history":[{"count":1,"href":"https:\/\/archive.sana.sy\/es\/index.php?rest_route=\/wp\/v2\/posts\/290570\/revisions"}],"predecessor-version":[{"id":290573,"href":"https:\/\/archive.sana.sy\/es\/index.php?rest_route=\/wp\/v2\/posts\/290570\/revisions\/290573"}],"wp:featuredmedia":[{"embeddable":true,"href":"https:\/\/archive.sana.sy\/es\/index.php?rest_route=\/wp\/v2\/media\/290572"}],"wp:attachment":[{"href":"https:\/\/archive.sana.sy\/es\/index.php?rest_route=%2Fwp%2Fv2%2Fmedia&parent=290570"}],"wp:term":[{"taxonomy":"category","embeddable":true,"href":"https:\/\/archive.sana.sy\/es\/index.php?rest_route=%2Fwp%2Fv2%2Fcategories&post=290570"},{"taxonomy":"post_tag","embeddable":true,"href":"https:\/\/archive.sana.sy\/es\/index.php?rest_route=%2Fwp%2Fv2%2Ftags&post=290570"}],"curies":[{"name":"wp","href":"https:\/\/api.w.org\/{rel}","templated":true}]}}