{"id":290574,"date":"2023-03-11T18:14:16","date_gmt":"2023-03-11T15:14:16","guid":{"rendered":"http:\/\/107.6.182.27\/es\/?p=290574"},"modified":"2023-03-11T18:14:16","modified_gmt":"2023-03-11T15:14:16","slug":"defensa-rusa-ofrece-cifras-totales-de-las-perdidas-belicas-de-las-fuerzas-ucranianas","status":"publish","type":"post","link":"https:\/\/archive.sana.sy\/es\/?p=290574","title":{"rendered":"Defensa rusa ofrece cifras totales de las p\u00e9rdidas b\u00e9licas de las fuerzas ucranianas"},"content":{"rendered":"<blockquote>\n<p style=\"text-align: justify;\"><span style=\"color: #993300;\">En su m\u00e1s reciente informe sobre el progreso de la operaci\u00f3n militar especial, el Ministerio de Defensa de la Federaci\u00f3n Rusa inform\u00f3 sobre las p\u00e9rdidas en material b\u00e9lico de las fuerzas armadas ucranianas desde el inicio de la operaci\u00f3n militar especial.<\/span><\/p>\n<\/blockquote>\n<p style=\"text-align: justify;\"><span style=\"color: #800000;\"><strong>Mosc\u00fa, 11 mar (SANA)<\/strong> <\/span>En su m\u00e1s reciente informe sobre el progreso de la operaci\u00f3n militar especial, el Ministerio de Defensa de la Federaci\u00f3n Rusa inform\u00f3 sobre las p\u00e9rdidas en material b\u00e9lico de las fuerzas armadas ucranianas desde el inicio de la operaci\u00f3n militar especial.<\/p>\n<p style=\"text-align: justify;\">El ente castrense inform\u00f3 que en total, 400 aviones de combate, 218 helic\u00f3pteros y 3.384 drones fueron derribados sea en batallas a\u00e9reas o por el fuego de la defensa antia\u00e9rea.<\/p>\n<p style=\"text-align: justify;\">Agreg\u00f3 que fueron destruidos 411 sistemas de misiles antia\u00e9reos, 8.264 tanques y blindados de combate y 1.055 veh\u00edculos de lanzacohetes m\u00faltiples.<\/p>\n<p style=\"text-align: justify;\">Tambi\u00e9n, fueron inutilizados 4.321 piezas de artiller\u00eda y morteros, y 8.857 unidades de veh\u00edculos militares especiales.<\/p>\n<p style=\"text-align: justify;\">fm\/as<\/p>\n","protected":false},"excerpt":{"rendered":"<p>En su m\u00e1s reciente informe sobre el progreso de la operaci\u00f3n militar especial, el Ministerio de Defensa de la Federaci\u00f3n Rusa inform\u00f3 sobre las p\u00e9rdidas en material b\u00e9lico de las fuerzas armadas ucranianas desde el inicio de la operaci\u00f3n militar especial. Mosc\u00fa, 11 mar (SANA) En su m\u00e1s reciente informe sobre el progreso de la &hellip;<\/p>\n","protected":false},"author":42,"featured_media":290575,"comment_status":"closed","ping_status":"closed","sticky":false,"template":"","format":"standard","meta":{"footnotes":""},"categories":[597,456,16687,20724,7541],"tags":[],"class_list":["post-290574","post","type-post","status-publish","format-standard","has-post-thumbnail","","category-cinta-de-noticias","category-arabe-internacional-politica","category-internacionales","category-minuto-a-minuto","category-ultimas-noticias"],"_links":{"self":[{"href":"https:\/\/archive.sana.sy\/es\/index.php?rest_route=\/wp\/v2\/posts\/290574"}],"collection":[{"href":"https:\/\/archive.sana.sy\/es\/index.php?rest_route=\/wp\/v2\/posts"}],"about":[{"href":"https:\/\/archive.sana.sy\/es\/index.php?rest_route=\/wp\/v2\/types\/post"}],"author":[{"embeddable":true,"href":"https:\/\/archive.sana.sy\/es\/index.php?rest_route=\/wp\/v2\/users\/42"}],"replies":[{"embeddable":true,"href":"https:\/\/archive.sana.sy\/es\/index.php?rest_route=%2Fwp%2Fv2%2Fcomments&post=290574"}],"version-history":[{"count":1,"href":"https:\/\/archive.sana.sy\/es\/index.php?rest_route=\/wp\/v2\/posts\/290574\/revisions"}],"predecessor-version":[{"id":290576,"href":"https:\/\/archive.sana.sy\/es\/index.php?rest_route=\/wp\/v2\/posts\/290574\/revisions\/290576"}],"wp:featuredmedia":[{"embeddable":true,"href":"https:\/\/archive.sana.sy\/es\/index.php?rest_route=\/wp\/v2\/media\/290575"}],"wp:attachment":[{"href":"https:\/\/archive.sana.sy\/es\/index.php?rest_route=%2Fwp%2Fv2%2Fmedia&parent=290574"}],"wp:term":[{"taxonomy":"category","embeddable":true,"href":"https:\/\/archive.sana.sy\/es\/index.php?rest_route=%2Fwp%2Fv2%2Fcategories&post=290574"},{"taxonomy":"post_tag","embeddable":true,"href":"https:\/\/archive.sana.sy\/es\/index.php?rest_route=%2Fwp%2Fv2%2Ftags&post=290574"}],"curies":[{"name":"wp","href":"https:\/\/api.w.org\/{rel}","templated":true}]}}